{"id":23637,"date":"2025-10-15T17:29:58","date_gmt":"2025-10-15T14:29:58","guid":{"rendered":"https:\/\/scurtpe2.ro\/?p=23637"},"modified":"2025-10-16T17:31:53","modified_gmt":"2025-10-16T14:31:53","slug":"taxa-de-mediu-la-rm-sarat","status":"publish","type":"post","link":"https:\/\/scurtpe2.ro\/?p=23637","title":{"rendered":"TAX\u0102 DE MEDIU LA RM. S\u0102RAT"},"content":{"rendered":"<p>Administra\u021bia din R\u00e2mnicu S\u0103rat inten\u021bioneaz\u0103 s\u0103 instituie o tax\u0103 de mediu. Reprezentan\u021bii Prim\u0103riei afirm\u0103 c\u0103 taxa de mediu va \u00eenlocui, de fapt, factura pe care r\u00e2mnicenii o achit\u0103 operatorului de salubrizare. Autorit\u0103\u021bile consider\u0103 c\u0103 introducerea acestei taxe conduce la o gestionare corect\u0103 \u0219i unitar\u0103 a pl\u0103\u021bii pentru salubrizare, la nivelul \u00eentregii localit\u0103\u021bii.<\/p>\n<p>Proiectul privind \u00eentroducerea taxei de mediu va fi supus, \u00een perioada urm\u0103toare, dezbaterii publice, r\u00e2mnicenii fiind invita\u021bi s\u0103-\u0219i prezinte opiniile cu privire la propunerea autorit\u0103\u021bilor.<\/p>\n","protected":false},"excerpt":{"rendered":"<p>Administra\u021bia din R\u00e2mnicu S\u0103rat inten\u021bioneaz\u0103 s\u0103 instituie o tax\u0103 de mediu. Reprezentan\u021bii Prim\u0103riei afirm\u0103 c\u0103 taxa de mediu va \u00eenlocui, de fapt, factura pe care r\u00e2mnicenii o achit\u0103 operatorului de salubrizare. Autorit\u0103\u021bile consider\u0103 c\u0103 introducerea acestei taxe conduce la o gestionare corect\u0103 \u0219i unitar\u0103 a pl\u0103\u021bii pentru salubrizare, la nivelul \u00eentregii localit\u0103\u021bii. Proiectul privind \u00eentroducerea taxei de mediu va fi supus, \u00een perioada urm\u0103toare, dezbaterii publice, r\u00e2mnicenii fiind invita\u021bi s\u0103-\u0219i prezinte opiniile cu privire la propunerea autorit\u0103\u021bilor.<\/p>\n","protected":false},"author":4,"featured_media":23475,"comment_status":"closed","ping_status":"closed","sticky":false,"template":"","format":"standard","meta":{"footnotes":""},"categories":[165],"tags":[1293,1526,778,3088],"class_list":["post-23637","post","type-post","status-publish","format-standard","has-post-thumbnail","hentry","category-informatia-de-ramnic","tag-dezbatere-publica","tag-mediu","tag-ramniceni","tag-salubrizare"],"gutentor_comment":0,"_links":{"self":[{"href":"https:\/\/scurtpe2.ro\/index.php?rest_route=\/wp\/v2\/posts\/23637","targetHints":{"allow":["GET"]}}],"collection":[{"href":"https:\/\/scurtpe2.ro\/index.php?rest_route=\/wp\/v2\/posts"}],"about":[{"href":"https:\/\/scurtpe2.ro\/index.php?rest_route=\/wp\/v2\/types\/post"}],"author":[{"embeddable":true,"href":"https:\/\/scurtpe2.ro\/index.php?rest_route=\/wp\/v2\/users\/4"}],"replies":[{"embeddable":true,"href":"https:\/\/scurtpe2.ro\/index.php?rest_route=%2Fwp%2Fv2%2Fcomments&post=23637"}],"version-history":[{"count":1,"href":"https:\/\/scurtpe2.ro\/index.php?rest_route=\/wp\/v2\/posts\/23637\/revisions"}],"predecessor-version":[{"id":23638,"href":"https:\/\/scurtpe2.ro\/index.php?rest_route=\/wp\/v2\/posts\/23637\/revisions\/23638"}],"wp:featuredmedia":[{"embeddable":true,"href":"https:\/\/scurtpe2.ro\/index.php?rest_route=\/wp\/v2\/media\/23475"}],"wp:attachment":[{"href":"https:\/\/scurtpe2.ro\/index.php?rest_route=%2Fwp%2Fv2%2Fmedia&parent=23637"}],"wp:term":[{"taxonomy":"category","embeddable":true,"href":"https:\/\/scurtpe2.ro\/index.php?rest_route=%2Fwp%2Fv2%2Fcategories&post=23637"},{"taxonomy":"post_tag","embeddable":true,"href":"https:\/\/scurtpe2.ro\/index.php?rest_route=%2Fwp%2Fv2%2Ftags&post=23637"}],"curies":[{"name":"wp","href":"https:\/\/api.w.org\/{rel}","templated":true}]}}