{"id":23375,"date":"2025-09-05T18:05:39","date_gmt":"2025-09-05T15:05:39","guid":{"rendered":"https:\/\/scurtpe2.ro\/?p=23375"},"modified":"2025-09-05T18:05:39","modified_gmt":"2025-09-05T15:05:39","slug":"proiect-dedicat-sculpturii-monumentale","status":"publish","type":"post","link":"https:\/\/scurtpe2.ro\/?p=23375","title":{"rendered":"PROIECT DEDICAT SCULPTURII MONUMENTALE"},"content":{"rendered":"<p>Un proiect cultural-artistic inedit dedicat sculpturii monumentale se desf\u0103\u0219oar\u0103, zilele acestea, \u00een municipiul R\u00e2mnicu S\u0103rat. Proiectul &#8222;R\u00e2mnicu S\u0103rat Art&#8221; &#8211; edi\u021bia I 2025&#8243;, la care particip\u0103 opt sculptori de renume na\u021bional \u0219i interna\u021bional, precum \u0219i dou\u0103 cadre universitare, ofer\u0103 oportunitatea de a crea lucr\u0103ri originale, ce vor contribui la patrimoniul cultural jude\u021bean. Evenimentul se desf\u0103\u0219oar\u0103 pe o perioad\u0103 de dou\u0103 s\u0103pt\u0103m\u00e2ni, cu scopul de a realiza o platform\u0103 de colaborare artistic\u0103 \u0219i educa\u021bie cultural\u0103, \u00een care arti\u0219ti \u0219i comunitatea local\u0103 s\u0103 interac\u021bioneze, contribuind la dezvoltarea identit\u0103\u021bii spirituale a municipiului R\u00e2mnicu S\u0103rat \u0219i a jude\u021bului Buz\u0103u. Tab\u0103ra de sculptur\u0103 se desf\u0103\u0219oar\u0103 \u00een incinta fostelor unit\u0103\u021bile militare din R\u00e2mnicu S\u0103rat.<\/p>\n<p>Consiliul Local Municipal R\u00e2mnicu S\u0103rat \u0219i Consiliul Jude\u021bean Buz\u0103u sunt coorganizatorii proiectului la care particip\u0103 Universitatea Na\u021bional\u0103 de Arte &#8222;\u017eGeorge Enescu&#8221; din Ia\u0219i, \u00een calitate de partener. Artistul r\u00e2mnicean Leontin P\u0103un \u0219i Dumitru Oboroc, cadre universitare, coordoneaz\u0103 sculptorii prezen\u021bi la tab\u0103r\u0103.<\/p>\n<p>Organizarea taberei de sculptur\u0103 este coordonat\u0103 de Centrul Cultural &#8222;\u017eFlorica Cristoforeanu&#8221; din R\u00e2mnicu S\u0103rat.<\/p>\n<p>Dezvoltarea patrimoniului artistic al municipiului R\u00e2mnicu S\u0103rat prin realizarea unor sculpturi inspirate de simbolul local, calul, este unul dintre obiectivele proiectului.<\/p>\n<p>Educa\u021bia cultural\u0103 \u0219i implicarea comunit\u0103\u021bii prin ateliere deschise locuitorilor, \u00een care ace\u0219tia vor putea \u00eenv\u0103\u021ba tehnici de baz\u0103 \u00een sculptur\u0103 \u0219i vor putea contribui la realizarea unor elemente practice, cum ar fi o banc\u0103 din piatr\u0103, reprezint\u0103 un alt obiectiv al proiectului. De asemenea, promovarea municipiului R\u00e2mnicu S\u0103rat \u0219i a jude\u021bului Buz\u0103u ca centru de interes cultural prin vernisajul final, catalogarea lucr\u0103rilor \u0219i amplasarea acestora \u00een spa\u021biile publice, sunt alte \u021binte vizate de ini\u021biatorii proiectului &#8222;R\u00e2mnicu S\u0103rat Art&#8221;.<\/p>\n","protected":false},"excerpt":{"rendered":"<p>Un proiect cultural-artistic inedit dedicat sculpturii monumentale se desf\u0103\u0219oar\u0103, zilele acestea, \u00een municipiul R\u00e2mnicu S\u0103rat. Proiectul &#8222;R\u00e2mnicu S\u0103rat Art&#8221; &#8211; edi\u021bia I 2025&#8243;, la care particip\u0103 opt sculptori de renume na\u021bional \u0219i interna\u021bional, precum \u0219i dou\u0103 cadre universitare, ofer\u0103 oportunitatea de a crea lucr\u0103ri originale, ce vor contribui la patrimoniul cultural jude\u021bean. Evenimentul se desf\u0103\u0219oar\u0103 pe o perioad\u0103 de dou\u0103 s\u0103pt\u0103m\u00e2ni, cu scopul de a realiza o platform\u0103 de colaborare artistic\u0103 \u0219i educa\u021bie cultural\u0103, \u00een care arti\u0219ti \u0219i comunitatea local\u0103 s\u0103 interac\u021bioneze, contribuind la dezvoltarea identit\u0103\u021bii spirituale a municipiului R\u00e2mnicu&hellip;<\/p>\n","protected":false},"author":4,"featured_media":23376,"comment_status":"closed","ping_status":"closed","sticky":false,"template":"","format":"standard","meta":{"footnotes":""},"categories":[165],"tags":[2133,987,7754,8288,8287,7165,3067],"class_list":["post-23375","post","type-post","status-publish","format-standard","has-post-thumbnail","hentry","category-informatia-de-ramnic","tag-arta","tag-artisti","tag-cal","tag-leontin-paun","tag-ramnicu-sarat-art","tag-sculptura","tag-unitate-militara"],"gutentor_comment":0,"_links":{"self":[{"href":"https:\/\/scurtpe2.ro\/index.php?rest_route=\/wp\/v2\/posts\/23375","targetHints":{"allow":["GET"]}}],"collection":[{"href":"https:\/\/scurtpe2.ro\/index.php?rest_route=\/wp\/v2\/posts"}],"about":[{"href":"https:\/\/scurtpe2.ro\/index.php?rest_route=\/wp\/v2\/types\/post"}],"author":[{"embeddable":true,"href":"https:\/\/scurtpe2.ro\/index.php?rest_route=\/wp\/v2\/users\/4"}],"replies":[{"embeddable":true,"href":"https:\/\/scurtpe2.ro\/index.php?rest_route=%2Fwp%2Fv2%2Fcomments&post=23375"}],"version-history":[{"count":1,"href":"https:\/\/scurtpe2.ro\/index.php?rest_route=\/wp\/v2\/posts\/23375\/revisions"}],"predecessor-version":[{"id":23377,"href":"https:\/\/scurtpe2.ro\/index.php?rest_route=\/wp\/v2\/posts\/23375\/revisions\/23377"}],"wp:featuredmedia":[{"embeddable":true,"href":"https:\/\/scurtpe2.ro\/index.php?rest_route=\/wp\/v2\/media\/23376"}],"wp:attachment":[{"href":"https:\/\/scurtpe2.ro\/index.php?rest_route=%2Fwp%2Fv2%2Fmedia&parent=23375"}],"wp:term":[{"taxonomy":"category","embeddable":true,"href":"https:\/\/scurtpe2.ro\/index.php?rest_route=%2Fwp%2Fv2%2Fcategories&post=23375"},{"taxonomy":"post_tag","embeddable":true,"href":"https:\/\/scurtpe2.ro\/index.php?rest_route=%2Fwp%2Fv2%2Ftags&post=23375"}],"curies":[{"name":"wp","href":"https:\/\/api.w.org\/{rel}","templated":true}]}}