{"id":23352,"date":"2025-09-03T18:17:56","date_gmt":"2025-09-03T15:17:56","guid":{"rendered":"https:\/\/scurtpe2.ro\/?p=23352"},"modified":"2025-09-04T11:20:14","modified_gmt":"2025-09-04T08:20:14","slug":"prima-zi-de-scoala-sub-semnul-protestelor","status":"publish","type":"post","link":"https:\/\/scurtpe2.ro\/?p=23352","title":{"rendered":"PRIMA ZI DE \u0218COAL\u0102, SUB SEMNUL PROTESTELOR"},"content":{"rendered":"<p>Debutul anului \u0219colar 2025-2026 st\u0103 sub semnul conflictului dintre sindicate \u0219i Guvern. Liderii federa\u021biilor din Educa\u021bie au anun\u021bat c\u0103 pe 8 septembrie, cadrele didactice nu vor intra la ore, ci vor ie\u0219i \u00een strad\u0103. Astfel, lunea viitoare, profesorii buzoieni vor fi prezen\u021bi la mitingul din Capital\u0103. Cei care nu vor ie\u0219i \u00een strad\u0103 vor boicota prima zi de \u0219coal\u0103, prin neparticiparea la festivit\u0103\u021bile de deschidere oficial\u0103 a anului \u0219colar 2025-2026.<\/p>\n<p>Liderii de sindicat din educa\u021bie lanseaz\u0103 un apel c\u0103tre p\u0103rin\u021bi s\u0103 le \u00een\u021beleag\u0103 nemul\u021bumirile, mai ales c\u0103 \u0219i copii lor vor fi afecta\u021bi de m\u0103surile de austeritate impuse de c\u0103tre guvernan\u021bi.<\/p>\n<p>Profesorii afilia\u021bi Sindicatului \u00cenv\u0103\u021b\u0103m\u00e2ntului Preuniversitar Buz\u0103u spun c\u0103 au demarat aceste proteste ca r\u0103spuns \u00eempotriva atacului Guvernului Rom\u00e2niei asupra sistemului educa\u021bional. Ei \u00c2\u00a0atrag aten\u021bia c\u0103 prin aceste m\u0103suri s-a ajuns la disponibiliz\u0103ri de personal. Mai exact, profesori cu o vechime de 20 de ani r\u0103m\u00e2n acum f\u0103r\u0103 un loc de munc\u0103.<\/p>\n<p>Liderii Sindicatului \u00cenv\u0103\u021b\u0103m\u00e2ntului Preuniversitar Buz\u0103u avertizeaz\u0103 c\u0103 \u00een cazul \u00een care dolean\u021bele lor r\u0103m\u00e2n \u00een continuare f\u0103r\u0103 rezolvare, atunci angaja\u021bii din educa\u021bie vor recurge \u0219i la alte forme de protest.<\/p>\n<p>Printre m\u0103surile considerate &#8222;\u017eabuzive&#8221;\u009d de c\u0103tre cadrele didactice amintim de cre\u0219terea normei didactice de predare cu dou\u0103 p\u00e2n\u0103 la patru ore pe s\u0103pt\u0103m\u00e2n\u0103, f\u0103r\u0103 cre\u0219teri salariale; comasarea a sute de unit\u0103\u021bi \u0219colare cu efecte directe \u00een pierderea de posturi; cre\u0219terea num\u0103rului de elevi \u00een clas\u0103 cu reducerea normelor; obligarea directorilor \u0219i inspectorilor s\u0103 predea mai mult; preg\u0103tirea elimin\u0103rii titulariz\u0103rii ca form\u0103 de angajare stabil\u0103 \u00een \u00eenv\u0103\u021b\u0103m\u00e2ntul preuniversitar.<\/p>\n","protected":false},"excerpt":{"rendered":"<p>Debutul anului \u0219colar 2025-2026 st\u0103 sub semnul conflictului dintre sindicate \u0219i Guvern. Liderii federa\u021biilor din Educa\u021bie au anun\u021bat c\u0103 pe 8 septembrie, cadrele didactice nu vor intra la ore, ci vor ie\u0219i \u00een strad\u0103. Astfel, lunea viitoare, profesorii buzoieni vor fi prezen\u021bi la mitingul din Capital\u0103. Cei care nu vor ie\u0219i \u00een strad\u0103 vor boicota prima zi de \u0219coal\u0103, prin neparticiparea la festivit\u0103\u021bile de deschidere oficial\u0103 a anului \u0219colar 2025-2026. Liderii de sindicat din educa\u021bie lanseaz\u0103 un apel c\u0103tre p\u0103rin\u021bi s\u0103 le \u00een\u021beleag\u0103 nemul\u021bumirile, mai ales c\u0103 \u0219i copii lor&hellip;<\/p>\n","protected":false},"author":4,"featured_media":14686,"comment_status":"closed","ping_status":"closed","sticky":false,"template":"","format":"standard","meta":{"footnotes":""},"categories":[168,165],"tags":[7975,2800,6195,822,8256],"class_list":["post-23352","post","type-post","status-publish","format-standard","has-post-thumbnail","hentry","category-informatia-de-buzau","category-informatia-de-ramnic","tag-austeritate","tag-educatie","tag-proteste","tag-scoala","tag-sindicat"],"gutentor_comment":0,"_links":{"self":[{"href":"https:\/\/scurtpe2.ro\/index.php?rest_route=\/wp\/v2\/posts\/23352","targetHints":{"allow":["GET"]}}],"collection":[{"href":"https:\/\/scurtpe2.ro\/index.php?rest_route=\/wp\/v2\/posts"}],"about":[{"href":"https:\/\/scurtpe2.ro\/index.php?rest_route=\/wp\/v2\/types\/post"}],"author":[{"embeddable":true,"href":"https:\/\/scurtpe2.ro\/index.php?rest_route=\/wp\/v2\/users\/4"}],"replies":[{"embeddable":true,"href":"https:\/\/scurtpe2.ro\/index.php?rest_route=%2Fwp%2Fv2%2Fcomments&post=23352"}],"version-history":[{"count":1,"href":"https:\/\/scurtpe2.ro\/index.php?rest_route=\/wp\/v2\/posts\/23352\/revisions"}],"predecessor-version":[{"id":23353,"href":"https:\/\/scurtpe2.ro\/index.php?rest_route=\/wp\/v2\/posts\/23352\/revisions\/23353"}],"wp:featuredmedia":[{"embeddable":true,"href":"https:\/\/scurtpe2.ro\/index.php?rest_route=\/wp\/v2\/media\/14686"}],"wp:attachment":[{"href":"https:\/\/scurtpe2.ro\/index.php?rest_route=%2Fwp%2Fv2%2Fmedia&parent=23352"}],"wp:term":[{"taxonomy":"category","embeddable":true,"href":"https:\/\/scurtpe2.ro\/index.php?rest_route=%2Fwp%2Fv2%2Fcategories&post=23352"},{"taxonomy":"post_tag","embeddable":true,"href":"https:\/\/scurtpe2.ro\/index.php?rest_route=%2Fwp%2Fv2%2Ftags&post=23352"}],"curies":[{"name":"wp","href":"https:\/\/api.w.org\/{rel}","templated":true}]}}