{"id":23347,"date":"2025-09-03T18:12:16","date_gmt":"2025-09-03T15:12:16","guid":{"rendered":"https:\/\/scurtpe2.ro\/?p=23347"},"modified":"2025-09-04T11:14:23","modified_gmt":"2025-09-04T08:14:23","slug":"activitati-literare-si-creative","status":"publish","type":"post","link":"https:\/\/scurtpe2.ro\/?p=23347","title":{"rendered":"ACTIVIT\u0102\u021aI LITERARE \u0218I CREATIVE"},"content":{"rendered":"<p class=\"ydp8d3a028amsonormal\" style=\"background: white; font-variant-ligatures: normal; font-variant-caps: normal; orphans: 2; text-align: start; widows: 2; -webkit-text-stroke-width: 0px; text-decoration-thickness: initial; text-decoration-style: initial; text-decoration-color: initial; word-spacing: 0px;\"><span style=\"font-size: 14.0pt; color: #333333;\">U\u0219ile Bibliotecii Municipale &#8222;Coneliu Coposu&#8221; din R\u00e2mnicu S\u0103rat au fost deschise, \u0219i \u00een aceast\u0103 var\u0103, pentru iubitorii de lectur\u0103. Clubul de lectur\u0103 \u0219i crea\u021bie pentru copii, precum \u0219i Clubul persoanelor de v\u00e2rsta a treia au organizat diferite evenimente \u0219i activit\u0103\u021bi menite s\u0103-i ajute pe cei interesa\u021bi s\u0103 descopere noi pove\u0219ti \u0219i s\u0103-\u0219i \u00eembog\u0103\u021beasc\u0103 bagajul de informa\u021bii.<\/span><\/p>\n<p class=\"ydp8d3a028amsonormal\" style=\"background: white; font-variant-ligatures: normal; font-variant-caps: normal; orphans: 2; text-align: start; widows: 2; -webkit-text-stroke-width: 0px; text-decoration-thickness: initial; text-decoration-style: initial; text-decoration-color: initial; word-spacing: 0px;\"><span style=\"font-size: 14.0pt; color: #333333;\">Conducerea Bibliotecii Municipale sper\u0103 ca societatea s\u0103 traverseze cu bine aceast\u0103 perioad\u0103 dificil\u0103 din punct de vedere financiar \u0219i a\u0219teapt\u0103, \u00een continuare, r\u00e2mnicenii s\u0103 aleag\u0103 o carte de pe rafturile institu\u021biei sau s\u0103 participe la activit\u0103\u021bile organizate cu prilejul diferitelor evenimente:<\/span><\/p>\n<p class=\"ydp8d3a028amsonormal\" style=\"background: white; font-variant-ligatures: normal; font-variant-caps: normal; orphans: 2; text-align: start; widows: 2; -webkit-text-stroke-width: 0px; text-decoration-thickness: initial; text-decoration-style: initial; text-decoration-color: initial; word-spacing: 0px;\"><span style=\"font-size: 14.0pt; color: #333333;\">Cititorii pot g\u0103si pe rafturile Bibliotecii Municipale ,,Corneliu Coposu&#8221;\u009d din R\u00e2mnicu S\u0103rat cele mai noi titluri ap\u0103rute pe pia\u021b\u0103.\u00c2\u00a0Institu\u021bia ofer\u0103 servicii pentru public prin sala de lectur\u0103, sec\u021bia \u00eemprumut pentru adul\u021bi \u0219i sec\u021bia pentru copii.<\/span><\/p>\n","protected":false},"excerpt":{"rendered":"<p>U\u0219ile Bibliotecii Municipale &#8222;Coneliu Coposu&#8221; din R\u00e2mnicu S\u0103rat au fost deschise, \u0219i \u00een aceast\u0103 var\u0103, pentru iubitorii de lectur\u0103. Clubul de lectur\u0103 \u0219i crea\u021bie pentru copii, precum \u0219i Clubul persoanelor de v\u00e2rsta a treia au organizat diferite evenimente \u0219i activit\u0103\u021bi menite s\u0103-i ajute pe cei interesa\u021bi s\u0103 descopere noi pove\u0219ti \u0219i s\u0103-\u0219i \u00eembog\u0103\u021beasc\u0103 bagajul de informa\u021bii. Conducerea Bibliotecii Municipale sper\u0103 ca societatea s\u0103 traverseze cu bine aceast\u0103 perioad\u0103 dificil\u0103 din punct de vedere financiar \u0219i a\u0219teapt\u0103, \u00een continuare, r\u00e2mnicenii s\u0103 aleag\u0103 o carte de pe rafturile institu\u021biei sau s\u0103 participe&hellip;<\/p>\n","protected":false},"author":4,"featured_media":23348,"comment_status":"closed","ping_status":"closed","sticky":false,"template":"","format":"standard","meta":{"footnotes":""},"categories":[165],"tags":[6142,4700,639,5717],"class_list":["post-23347","post","type-post","status-publish","format-standard","has-post-thumbnail","hentry","category-informatia-de-ramnic","tag-biblioteca-corneliu-coposu","tag-carte","tag-copii","tag-lectura"],"gutentor_comment":0,"_links":{"self":[{"href":"https:\/\/scurtpe2.ro\/index.php?rest_route=\/wp\/v2\/posts\/23347","targetHints":{"allow":["GET"]}}],"collection":[{"href":"https:\/\/scurtpe2.ro\/index.php?rest_route=\/wp\/v2\/posts"}],"about":[{"href":"https:\/\/scurtpe2.ro\/index.php?rest_route=\/wp\/v2\/types\/post"}],"author":[{"embeddable":true,"href":"https:\/\/scurtpe2.ro\/index.php?rest_route=\/wp\/v2\/users\/4"}],"replies":[{"embeddable":true,"href":"https:\/\/scurtpe2.ro\/index.php?rest_route=%2Fwp%2Fv2%2Fcomments&post=23347"}],"version-history":[{"count":1,"href":"https:\/\/scurtpe2.ro\/index.php?rest_route=\/wp\/v2\/posts\/23347\/revisions"}],"predecessor-version":[{"id":23349,"href":"https:\/\/scurtpe2.ro\/index.php?rest_route=\/wp\/v2\/posts\/23347\/revisions\/23349"}],"wp:featuredmedia":[{"embeddable":true,"href":"https:\/\/scurtpe2.ro\/index.php?rest_route=\/wp\/v2\/media\/23348"}],"wp:attachment":[{"href":"https:\/\/scurtpe2.ro\/index.php?rest_route=%2Fwp%2Fv2%2Fmedia&parent=23347"}],"wp:term":[{"taxonomy":"category","embeddable":true,"href":"https:\/\/scurtpe2.ro\/index.php?rest_route=%2Fwp%2Fv2%2Fcategories&post=23347"},{"taxonomy":"post_tag","embeddable":true,"href":"https:\/\/scurtpe2.ro\/index.php?rest_route=%2Fwp%2Fv2%2Ftags&post=23347"}],"curies":[{"name":"wp","href":"https:\/\/api.w.org\/{rel}","templated":true}]}}