{"id":23343,"date":"2025-09-02T18:16:25","date_gmt":"2025-09-02T15:16:25","guid":{"rendered":"https:\/\/scurtpe2.ro\/?p=23343"},"modified":"2025-09-02T18:16:25","modified_gmt":"2025-09-02T15:16:25","slug":"amanate-de-criza","status":"publish","type":"post","link":"https:\/\/scurtpe2.ro\/?p=23343","title":{"rendered":"AM\u00c3\u201aNATE DE CRIZ\u0102"},"content":{"rendered":"<p>Anun\u021bate ini\u021bial pentru toamna acestui an, alegerile pentru pre\u0219edin\u021bia Consiliului Jude\u021bean Buz\u0103u s-ar putea am\u00e2na pentru 2026. \u00cen timp ce la nivel central se negociaz\u0103 politic pentru stabilirea datei alegerilor anticipate, la Buz\u0103u se preg\u0103te\u0219te completarea echipei de conducere a administra\u021biei jude\u021bene. Este vorba despre desemnarea noului vicepre\u0219edinte al Consiliului Jude\u021bean, post devenit vacant dup\u0103 ce Adrian Petre a preluat, interimar, atribu\u021biile de pre\u0219edinte al institu\u021biei, \u00een urma demisiei lui Lucian Roma\u0219canu.<\/p>\n<p>Pe l\u00e2ng\u0103 criza din Coali\u021bie, mai exist\u0103 \u0219i criza financiar\u0103 care \u00eempiedic\u0103, de asemenea, organizarea alegerilor pentru \u0219efia Consiliului Jude\u021bean.<\/p>\n<p>\u00cen ceea ce prive\u0219te numirea celui de-al doilea vicepre\u0219edinte al Consiliului Jude\u021bean, lucrurile sunt clare. Acesta va fi Faustin Sc\u00e2ntei, actualul director al Oficiul Judetean de Posta Buz\u0103u \u0219i consilier jude\u021bean. P\u00e2n\u0103 la organizarea alegerilor pentru \u0219efia institu\u021biei, echipa de conducere a jude\u021bului va fi format\u0103 din Adrian Petre, pre\u0219edinte interimar numit din iunie 2025, Costin Stanciu, vicepre\u0219edinte ales din mai 2025 \u0219i Faustin Sc\u00e2ntei. Pentru viitoarele alegeri la Consiliul Jude\u021bean s-au conturat mai multe candidaturi, printre care \u0219i cea a social-democratului Marcel Ciolacu. Dac\u0103 acesta va candida la Buz\u0103u, Adrian Petre va pierde titulatura de candidat, pentru a-l sus\u021bine pe fostul premier.<\/p>\n","protected":false},"excerpt":{"rendered":"<p>Anun\u021bate ini\u021bial pentru toamna acestui an, alegerile pentru pre\u0219edin\u021bia Consiliului Jude\u021bean Buz\u0103u s-ar putea am\u00e2na pentru 2026. \u00cen timp ce la nivel central se negociaz\u0103 politic pentru stabilirea datei alegerilor anticipate, la Buz\u0103u se preg\u0103te\u0219te completarea echipei de conducere a administra\u021biei jude\u021bene. Este vorba despre desemnarea noului vicepre\u0219edinte al Consiliului Jude\u021bean, post devenit vacant dup\u0103 ce Adrian Petre a preluat, interimar, atribu\u021biile de pre\u0219edinte al institu\u021biei, \u00een urma demisiei lui Lucian Roma\u0219canu. Pe l\u00e2ng\u0103 criza din Coali\u021bie, mai exist\u0103 \u0219i criza financiar\u0103 care \u00eempiedic\u0103, de asemenea, organizarea alegerilor pentru \u0219efia&hellip;<\/p>\n","protected":false},"author":4,"featured_media":23344,"comment_status":"closed","ping_status":"closed","sticky":false,"template":"","format":"standard","meta":{"footnotes":""},"categories":[168],"tags":[8049,7733,523,366],"class_list":["post-23343","post","type-post","status-publish","format-standard","has-post-thumbnail","hentry","category-informatia-de-buzau","tag-adrian-petre","tag-alegeri-presedinte","tag-consiliu-judetean","tag-criza"],"gutentor_comment":0,"_links":{"self":[{"href":"https:\/\/scurtpe2.ro\/index.php?rest_route=\/wp\/v2\/posts\/23343","targetHints":{"allow":["GET"]}}],"collection":[{"href":"https:\/\/scurtpe2.ro\/index.php?rest_route=\/wp\/v2\/posts"}],"about":[{"href":"https:\/\/scurtpe2.ro\/index.php?rest_route=\/wp\/v2\/types\/post"}],"author":[{"embeddable":true,"href":"https:\/\/scurtpe2.ro\/index.php?rest_route=\/wp\/v2\/users\/4"}],"replies":[{"embeddable":true,"href":"https:\/\/scurtpe2.ro\/index.php?rest_route=%2Fwp%2Fv2%2Fcomments&post=23343"}],"version-history":[{"count":1,"href":"https:\/\/scurtpe2.ro\/index.php?rest_route=\/wp\/v2\/posts\/23343\/revisions"}],"predecessor-version":[{"id":23345,"href":"https:\/\/scurtpe2.ro\/index.php?rest_route=\/wp\/v2\/posts\/23343\/revisions\/23345"}],"wp:featuredmedia":[{"embeddable":true,"href":"https:\/\/scurtpe2.ro\/index.php?rest_route=\/wp\/v2\/media\/23344"}],"wp:attachment":[{"href":"https:\/\/scurtpe2.ro\/index.php?rest_route=%2Fwp%2Fv2%2Fmedia&parent=23343"}],"wp:term":[{"taxonomy":"category","embeddable":true,"href":"https:\/\/scurtpe2.ro\/index.php?rest_route=%2Fwp%2Fv2%2Fcategories&post=23343"},{"taxonomy":"post_tag","embeddable":true,"href":"https:\/\/scurtpe2.ro\/index.php?rest_route=%2Fwp%2Fv2%2Ftags&post=23343"}],"curies":[{"name":"wp","href":"https:\/\/api.w.org\/{rel}","templated":true}]}}