{"id":23328,"date":"2025-09-02T13:02:13","date_gmt":"2025-09-02T10:02:13","guid":{"rendered":"https:\/\/scurtpe2.ro\/?p=23328"},"modified":"2025-09-02T13:02:13","modified_gmt":"2025-09-02T10:02:13","slug":"noaptea-muzeelor-la-sate-si-ale-sale-cinci-ecosisteme-muzeale-rurale-vii","status":"publish","type":"post","link":"https:\/\/scurtpe2.ro\/?p=23328","title":{"rendered":"Noaptea Muzeelor la Sate \u0219i ale sale cinci ecosisteme muzeale rurale vii"},"content":{"rendered":"<p>COMUNICAT DE PRES\u00c4\u201a<\/p>\n<p><a href=\"https:\/\/scurtpe2.ro\/?attachment_id=23330\" rel=\"attachment wp-att-23330\"><img loading=\"lazy\" decoding=\"async\" class=\"alignnone size-medium wp-image-23330\" src=\"https:\/\/scurtpe2.ro\/wp-content\/uploads\/2025\/09\/Cula-Izvoranu-Geblescu-660x365.jpg\" alt=\"\" width=\"660\" height=\"365\" \/><\/a><\/p>\n<p><strong>Pe 6 septembrie va avea loc edi\u021bia a treia a Nop\u021bii Muzeelor la Sate, eveniment ce reune\u0219te \u00een acest an peste 140 de obiective culturale din 36 de jude\u021be. Informa\u021biile complete \u0219i programul actualizat pot fi consultate pe pagina oficial\u0103:<\/strong> <a href=\"https:\/\/noapteamuzeelor-la-sate.ro?utm_source=chatgpt.com\"><strong>https:\/\/noapteamuzeelor-la-sate.ro<\/strong><\/a><strong>.<\/strong><\/p>\n<p>Noaptea Muzeelor la Sate nu este doar o invita\u021bie la vizitare, ci o c\u0103l\u0103torie \u00een lumea pove\u0219tilor locale, \u00een me\u0219te\u0219uguri transmise din genera\u021bie \u00een genera\u021bie \u0219i \u00een felul autentic \u00een care satul rom\u00e2nesc \u00ee\u0219i spune propria istorie. Vizitatorii au de ales \u00eentre o ofert\u0103 divers\u0103 care include case memoriale, complexe arheologice, gr\u0103dini botanice, biserici fortificate, cule, geoparcuri, spectacole \u00een aer liber, hub-uri \u021b\u0103r\u0103ne\u0219ti, spa\u021bii de crea\u021bie contemporan\u0103, focuri de tab\u0103r\u0103, ateliere \u0219i demonstra\u021bii de me\u0219te\u0219uguri tradi\u021bionale, tururi interactive, expozi\u021bii multimedia \u0219i muzee dedicate unor teme inedite precum mineritul, gastronomia, istoria viei \u0219i a vinului, mituri \u0219i pove\u0219ti locale.<\/p>\n<p>Dou\u0103 muzee din Republica Moldova s-au al\u0103turat celei de-a treia edi\u021bii a evenimentului.<\/p>\n<p>&nbsp;<\/p>\n<p>Anul acesta, \u00een cadrul <strong>Nop\u021bii Muzeelor la Sate<\/strong>, prinde via\u021b\u0103 un proiect dedicat dezvolt\u0103rii a cinci ecosisteme culturale \u00een mediul rural. Construite pe baza nevoilor identificate \u00een edi\u021biile anterioare, aceste ini\u021biative \u00ee\u0219i propun s\u0103 creeze o re\u021bea de sprijin \u0219i s\u0103 arate c\u0103 patrimoniul rural poate fi nu doar p\u0103strat, ci \u0219i transformat \u00eentr-un motor de coeziune comunitar\u0103 \u0219i regenerare local\u0103.<\/p>\n<p>\u00cen <strong>B\u0103i\u021ba<\/strong> (jude\u021bul Bihor) va fi reg\u00e2ndit\u0103 expozi\u021bia permanent\u0103 a Muzeului \u00cenv\u0103\u021b\u0103torului, cu implicarea locuitorilor. \u00cen <strong>Enisala <\/strong>\u0219i <strong>Mila 23<\/strong> din jude\u021bul Tulcea copiii din medii defavorizate vor explora colec\u021biile locale prin ateliere creative. \u00cen <strong>Densu\u0219<\/strong> \u0219i <strong>Pe\u0219teana<\/strong> (Geoparcul \u00c8\u0161ara Ha\u021begului, Hunedoara) vor avea loc cercet\u0103ri sociologice, ateliere educative \u0219i cart\u0103ri participative. \u00cen <strong>Crasna<\/strong> \u0219i <strong>Marin<\/strong> (Depresiunea Silvaniei) se vor documenta digital interioare tradi\u021bionale \u0219i portrete ale purt\u0103torilor de tradi\u021bii, al\u0103turi de o campanie comunitar\u0103 de salvare a gospod\u0103riilor autentice. \u00cen <strong>Felmer<\/strong> \u0219i <strong>\u0218ercaia<\/strong> (\u00c8\u0161ara F\u0103g\u0103ra\u0219ului) se va derula un program de formare \u00een studii muzeale.<\/p>\n<p>Pentru c\u0103 edi\u021bia din acest an coincide cu <strong>Ziua Interna\u021bional\u0103 a Cititului C\u0103r\u021bilor<\/strong>, <strong>Noaptea Muzeelor la Sate<\/strong> marcheaz\u0103 momentul printr-un parteneriat cu <strong>Editura Litera<\/strong>, care va aduce pe 6 septembrie cinci instala\u021bii literare perisabile \u00een comunit\u0103\u021bi rurale. Acestea se vor reg\u0103si la <strong>Casa Memorial\u0103 Panait Cerna din Cerna (Tulcea)<\/strong>, <strong>Gospod\u0103ria \u021b\u0103r\u0103neasc\u0103 din Enisala (Tulcea)<\/strong>, <strong>Muzeul Ivan Patzaichin din Mila 23 (Tulcea)<\/strong>, <strong>Muzeul \u00cenv\u0103\u021b\u0103torului din B\u0103i\u021ba (Bihor)<\/strong> \u0219i <strong>Casa Vulcanilor din Densu\u0219 (Hunedoara)<\/strong>. Instala\u021biile sunt concepute s\u0103 se destrame p\u00e2n\u0103 la finalul Nop\u021bii Muzeelor la Sate \u0219i s\u0103 pun\u0103 \u00een valoare accesul limitat la carte din comunit\u0103\u021bile rurale, unde bibliotecile sunt rare \u0219i libr\u0103riile lipsesc. Peste 500 de c\u0103r\u021bi pentru copii \u0219i adul\u021bi vor forma 5 turnuri, din care vizitatorii vor putea lua o carte doar dac\u0103 reu\u0219esc s\u0103 o extrag\u0103 f\u0103r\u0103 s\u0103 d\u0103r\u00e2me turnul, cu r\u0103bdare, ca \u00eentr-un joc Jenga. Dac\u0103 vrei o carte din partea de jos \u0219i turnul nu \u00ee\u021bi permite s\u0103 o extragi \u00een siguran\u021b\u0103, a\u0219tep\u021bi p\u00e2n\u0103 c\u00e2nd al\u021bi participan\u021bi elibereaz\u0103 drumul. Dac\u0103 turnul cade, to\u021bi cei prezen\u021bi reconstruiesc turnul \u00eempreun\u0103. O instala\u021bie g\u00e2ndit\u0103 s\u0103 creeze un exerci\u021biu de conectare, colaborare \u0219i educa\u021bie colectiv\u0103.<\/p>\n<p><a href=\"https:\/\/scurtpe2.ro\/?attachment_id=23331\" rel=\"attachment wp-att-23331\"><img loading=\"lazy\" decoding=\"async\" class=\"alignnone size-medium wp-image-23331\" src=\"https:\/\/scurtpe2.ro\/wp-content\/uploads\/2025\/09\/Muzeul-atelier-Scoala-de-la-Piscu-660x365.jpg\" alt=\"\" width=\"660\" height=\"365\" \/><\/a><\/p>\n<p>&#8222;\u017e<em>Lectura e un gest fragil \u0219i, totu\u0219i, esen\u021bial pentru o locuire complet\u0103 \u0219i complex\u0103 a umanit\u0103\u021bii noastre. F\u0103r\u0103 c\u0103r\u021bi suntem singuri \u0219i debusola\u021bi, ceea ce, \u00een nesiguran\u021ba lumii de ast\u0103zi, e aproape un risc existen\u021bial. Ne bucur\u0103 faptul c\u0103 Noaptea Muzeelor la Sate surprinde anxietatea \u0219i speran\u021ba care se mixeaz\u0103 continuu \u00een efortul nostru de a aduce to\u021bi cititorii aproape de pove\u0219tile lor.<\/em>&#8222;\u009d &#8211; Ioana B\u00e2ldea Constantinescu, Communication Manager Editura Litera<\/p>\n<p>De Noaptea Muzeelor la Sate, publicul va putea urm\u0103ri documentarul <strong><em>Letopise\u021bul lui Hrib<\/em><\/strong> (regia Slavomir Popovici, Rom\u00e2nia, 1974, 14 min.), oferit \u00een parteneriat cu <strong>One World Romania <\/strong>\u0219i <strong>KineDok<\/strong>, \u00eentr-un format hibrid: proiec\u021bie online accesibil\u0103 de acas\u0103 \u0219i vizion\u0103ri organizate \u00een spa\u021bii participante. Filmul urm\u0103re\u0219te via\u021ba lui Toader Hrib, muzeograf autodidact \u0219i cronicar al satului Arbore, ilustr\u00e2nd dialogul dintre cultura tradi\u021bional\u0103 \u0219i cea modern\u0103. Proiec\u021bia va fi introdus\u0103 de Adina Br\u0103deanu \u0219i face parte din programul &#8222;\u017eUmbrele istoriei&#8221;\u009d, dedicat documentarelor realizate \u00een perioada socialist\u0103 \u00een Europa Central\u0103 \u0219i de Est. Filmul poate fi v\u0103zut s\u00e2mb\u0103t\u0103, 6 septembrie, de la ora 20:00, iar stream-ul poate fi accesat aici: <a href=\"https:\/\/noapteamuzeelor-la-sate.ro\">https:\/\/noapteamuzeelor-la-sate.ro<\/a>.<\/p>\n<p><a href=\"https:\/\/scurtpe2.ro\/?attachment_id=23332\" rel=\"attachment wp-att-23332\"><img loading=\"lazy\" decoding=\"async\" class=\"alignnone size-medium wp-image-23332\" src=\"https:\/\/scurtpe2.ro\/wp-content\/uploads\/2025\/09\/Palatul-Cuza_Ruginoasa-660x365.jpg\" alt=\"\" width=\"660\" height=\"365\" \/><\/a><\/p>\n<p>Simbolul vizual al Nop\u021bii Muzeelor la Sate, c\u0103lu\u0219arul, prinde via\u021b\u0103 \u00eentr-un videoclip dedicat edi\u021biei 2025, care poate fi v\u0103zut aici: <a href=\"https:\/\/shorturl.at\/aYX4X\">https:\/\/shorturl.at\/aYX4X<\/a>.<br \/>\nPublicul care particip\u0103 la eveniment este invitat s\u0103 contribuie la albumul vizual al edi\u021biei a treia a Nop\u021bii Muzeelor la Sate \u0219i <strong>s\u0103 trimit\u0103 fotografiile \u0219i selfie-urile f\u0103cute \u00een spa\u021biile participante la <\/strong><a href=\"mailto:noaptea_muzeelor@yahoo.com\"><strong>noaptea_muzeelor@yahoo.com<\/strong><\/a>.<\/p>\n<p>Noaptea Muzeelor la Sate este un proiect ini\u021biat de <strong>Asocia\u021bia Da&#8221;\u2122 De C<\/strong>e, organizat \u00een parteneriat strategic cu Asocia\u021bia Centrul Memorial Dr. Gheorghe Telea Bologa \u0219i cu Complexul Na\u021bional Muzeal ASTRA.<\/p>\n<p><strong>Parteneri principali:<\/strong> Editura Litera, One World Romania, Kinedok, Po\u0219ta Rom\u00e2n\u0103<br \/>\n<strong>Parteneri media:<\/strong> Radio Rom\u00e2nia Actualit\u0103\u021bi, Radio Rom\u00e2nia Regional, Antena Satelor, Radio Rom\u00e2nia Cultural, Etno TV, TVSAT Media Group, Moldova TV, Exploris, Bookhub, Muzee de la Sat, De la sat, Plus TV Maramure\u0219, AS TV Bistri\u021ba, Economie Rural\u0103, Agen\u021bia de Carte, Radar de media, Radio Deea, Zile \u0219i Nop\u021bi.<\/p>\n<p>Proiectul &#8222;\u017eEco-sisteme muzeale rurale vii&#8221;\u009d, derulat sub umbrela Nop\u021bii Muzeelor la Sate, este realizat cu sprijinul financiar al Administra\u021biei Fondului Cultural Na\u021bional (AFCN). Partenerii proiectului sunt: Asocia\u021bia Drag de Ha\u021beg, Densu\u0219, Geoparcul Interna\u021bional Unesco \u00c8\u0161ara Ha\u021begului, Asocia\u021bia &#8222;\u017e\u00cenv\u0103\u021b\u0103tor Borto\u0219 Costea Maria&#8221;\u009d, Asocia\u021bia Renascendis, Asocia\u021bia Fotografic\u0103 &#8222;\u017eJoi la 5&#8243;\u009d, Muzeul Ivan Patzaikin, Institutul de Cercet\u0103ri Eco-Muzeale &#8222;\u017eGavril\u0103 Simion&#8221;\u009d, Re\u021beaua Na\u021bional\u0103 a Muzeelor din Rom\u00e2nia.<\/p>\n","protected":false},"excerpt":{"rendered":"<p>COMUNICAT DE PRES\u00c4\u201a Pe 6 septembrie va avea loc edi\u021bia a treia a Nop\u021bii Muzeelor la Sate, eveniment ce reune\u0219te \u00een acest an peste 140 de obiective culturale din 36 de jude\u021be. Informa\u021biile complete \u0219i programul actualizat pot fi consultate pe pagina oficial\u0103: https:\/\/noapteamuzeelor-la-sate.ro. Noaptea Muzeelor la Sate nu este doar o invita\u021bie la vizitare, ci o c\u0103l\u0103torie \u00een lumea pove\u0219tilor locale, \u00een me\u0219te\u0219uguri transmise din genera\u021bie \u00een genera\u021bie \u0219i \u00een felul autentic \u00een care satul rom\u00e2nesc \u00ee\u0219i spune propria istorie. Vizitatorii au de ales \u00eentre o ofert\u0103 divers\u0103 care&hellip;<\/p>\n","protected":false},"author":4,"featured_media":23329,"comment_status":"closed","ping_status":"closed","sticky":false,"template":"","format":"standard","meta":{"footnotes":""},"categories":[5910],"tags":[1457,3102,1740],"class_list":["post-23328","post","type-post","status-publish","format-standard","has-post-thumbnail","hentry","category-comunicate-de-presa","tag-cultura","tag-noaptea-muzeelor","tag-rural"],"gutentor_comment":0,"_links":{"self":[{"href":"https:\/\/scurtpe2.ro\/index.php?rest_route=\/wp\/v2\/posts\/23328","targetHints":{"allow":["GET"]}}],"collection":[{"href":"https:\/\/scurtpe2.ro\/index.php?rest_route=\/wp\/v2\/posts"}],"about":[{"href":"https:\/\/scurtpe2.ro\/index.php?rest_route=\/wp\/v2\/types\/post"}],"author":[{"embeddable":true,"href":"https:\/\/scurtpe2.ro\/index.php?rest_route=\/wp\/v2\/users\/4"}],"replies":[{"embeddable":true,"href":"https:\/\/scurtpe2.ro\/index.php?rest_route=%2Fwp%2Fv2%2Fcomments&post=23328"}],"version-history":[{"count":1,"href":"https:\/\/scurtpe2.ro\/index.php?rest_route=\/wp\/v2\/posts\/23328\/revisions"}],"predecessor-version":[{"id":23333,"href":"https:\/\/scurtpe2.ro\/index.php?rest_route=\/wp\/v2\/posts\/23328\/revisions\/23333"}],"wp:featuredmedia":[{"embeddable":true,"href":"https:\/\/scurtpe2.ro\/index.php?rest_route=\/wp\/v2\/media\/23329"}],"wp:attachment":[{"href":"https:\/\/scurtpe2.ro\/index.php?rest_route=%2Fwp%2Fv2%2Fmedia&parent=23328"}],"wp:term":[{"taxonomy":"category","embeddable":true,"href":"https:\/\/scurtpe2.ro\/index.php?rest_route=%2Fwp%2Fv2%2Fcategories&post=23328"},{"taxonomy":"post_tag","embeddable":true,"href":"https:\/\/scurtpe2.ro\/index.php?rest_route=%2Fwp%2Fv2%2Ftags&post=23328"}],"curies":[{"name":"wp","href":"https:\/\/api.w.org\/{rel}","templated":true}]}}