{"id":23325,"date":"2025-09-01T17:12:11","date_gmt":"2025-09-01T14:12:11","guid":{"rendered":"https:\/\/scurtpe2.ro\/?p=23325"},"modified":"2025-09-01T17:12:11","modified_gmt":"2025-09-01T14:12:11","slug":"tone-de-deseuri-ingropate-ilegal","status":"publish","type":"post","link":"https:\/\/scurtpe2.ro\/?p=23325","title":{"rendered":"TONE DE DE\u0218EURI, \u00ceNGROPATE ILEGAL"},"content":{"rendered":"<p>O tranzac\u021bie aparent legal\u0103 \u00eentre patronul unei firme din Berca \u0219i o societate din Constan\u021ba s-a soldat cu perchezi\u021bii \u0219i amenzi pe m\u0103sur\u0103 pentru buzoian. Acesta din urm\u0103 ar fi achizi\u021bionat o automacara de la o firm\u0103 din jude\u021bul Constan\u021ba, pentru care a emis un bilet la ordin f\u0103r\u0103 acoperire. Realiz\u00e2nd c\u0103 a fost p\u0103c\u0103lit, const\u0103n\u021beanul a f\u0103cut pl\u00e2ngere \u00een urma c\u0103reia procurorii au dispus efectuarea a 3 perchezi\u021bii \u00een localitatea Berca, pentru \u00een\u0219el\u0103ciune. Aici, oamenii legii au descoperit c\u0103 buzoianului i se mai adaug\u0103 \u00eenc\u0103 un dosar penal pentru \u00eengroparea de\u0219eurilor. Mai exact, poli\u021bi\u0219tii au g\u0103sit, pe un teren extravilan al comunei Berca, respectivul utilaj care a fost folosit pentru a \u00eengropa ilegal aproape 100 de tone de de\u0219euri periculoase \u0219i nepericuloase, majoritatea provenind din construc\u021bii. Pe fir au intrat \u0219i comisarii G\u0103rzii de Mediu Buz\u0103u care i-au dat amenzi b\u0103rbatului din Berca, de aproape 100 de mii de lei.<\/p>\n<p><strong>\u00c2\u00a0<\/strong><\/p>\n<p>&nbsp;<\/p>\n","protected":false},"excerpt":{"rendered":"<p>O tranzac\u021bie aparent legal\u0103 \u00eentre patronul unei firme din Berca \u0219i o societate din Constan\u021ba s-a soldat cu perchezi\u021bii \u0219i amenzi pe m\u0103sur\u0103 pentru buzoian. Acesta din urm\u0103 ar fi achizi\u021bionat o automacara de la o firm\u0103 din jude\u021bul Constan\u021ba, pentru care a emis un bilet la ordin f\u0103r\u0103 acoperire. Realiz\u00e2nd c\u0103 a fost p\u0103c\u0103lit, const\u0103n\u021beanul a f\u0103cut pl\u00e2ngere \u00een urma c\u0103reia procurorii au dispus efectuarea a 3 perchezi\u021bii \u00een localitatea Berca, pentru \u00een\u0219el\u0103ciune. Aici, oamenii legii au descoperit c\u0103 buzoianului i se mai adaug\u0103 \u00eenc\u0103 un dosar penal pentru&hellip;<\/p>\n","protected":false},"author":4,"featured_media":23326,"comment_status":"closed","ping_status":"closed","sticky":false,"template":"","format":"standard","meta":{"footnotes":""},"categories":[168],"tags":[1769,497,5070,6528],"class_list":["post-23325","post","type-post","status-publish","format-standard","has-post-thumbnail","hentry","category-informatia-de-buzau","tag-deseuri","tag-dosar-penal","tag-garda-de-mediu","tag-perchezitie"],"gutentor_comment":0,"_links":{"self":[{"href":"https:\/\/scurtpe2.ro\/index.php?rest_route=\/wp\/v2\/posts\/23325","targetHints":{"allow":["GET"]}}],"collection":[{"href":"https:\/\/scurtpe2.ro\/index.php?rest_route=\/wp\/v2\/posts"}],"about":[{"href":"https:\/\/scurtpe2.ro\/index.php?rest_route=\/wp\/v2\/types\/post"}],"author":[{"embeddable":true,"href":"https:\/\/scurtpe2.ro\/index.php?rest_route=\/wp\/v2\/users\/4"}],"replies":[{"embeddable":true,"href":"https:\/\/scurtpe2.ro\/index.php?rest_route=%2Fwp%2Fv2%2Fcomments&post=23325"}],"version-history":[{"count":1,"href":"https:\/\/scurtpe2.ro\/index.php?rest_route=\/wp\/v2\/posts\/23325\/revisions"}],"predecessor-version":[{"id":23327,"href":"https:\/\/scurtpe2.ro\/index.php?rest_route=\/wp\/v2\/posts\/23325\/revisions\/23327"}],"wp:featuredmedia":[{"embeddable":true,"href":"https:\/\/scurtpe2.ro\/index.php?rest_route=\/wp\/v2\/media\/23326"}],"wp:attachment":[{"href":"https:\/\/scurtpe2.ro\/index.php?rest_route=%2Fwp%2Fv2%2Fmedia&parent=23325"}],"wp:term":[{"taxonomy":"category","embeddable":true,"href":"https:\/\/scurtpe2.ro\/index.php?rest_route=%2Fwp%2Fv2%2Fcategories&post=23325"},{"taxonomy":"post_tag","embeddable":true,"href":"https:\/\/scurtpe2.ro\/index.php?rest_route=%2Fwp%2Fv2%2Ftags&post=23325"}],"curies":[{"name":"wp","href":"https:\/\/api.w.org\/{rel}","templated":true}]}}