{"id":23080,"date":"2025-07-18T18:30:49","date_gmt":"2025-07-18T15:30:49","guid":{"rendered":"https:\/\/scurtpe2.ro\/?p=23080"},"modified":"2025-07-18T18:30:49","modified_gmt":"2025-07-18T15:30:49","slug":"masuri-din-cauza-ratelor-moarte","status":"publish","type":"post","link":"https:\/\/scurtpe2.ro\/?p=23080","title":{"rendered":"M\u0102SURI DIN CAUZA RA\u021aELOR MOARTE"},"content":{"rendered":"<p>Comisarii G\u0103rzii Na\u021bionale de Mediu au dispus m\u0103suri de urgen\u021b\u0103 \u00een Parcul Cr\u00e2ng, din municipiul Buz\u0103u, dup\u0103 controlul f\u0103cut \u00een cazul ra\u021belor moarte de pe hele\u0219teu. Prima m\u0103sur\u0103 pe care Prim\u0103ria va trebui s-o pun\u0103 \u00een aplicare vizeaz\u0103 paza lacului din Cr\u00e2ng. Astfel, hele\u0219teul va fi p\u0103zit de c\u0103tre poli\u021bi\u0219tii locali non-stop, inlusiv pe timpul nop\u021bii.<\/p>\n<p>De asemenea, \u00een zona insuli\u021bei va fi montat\u0103 o camer\u0103 de supraveghere de exterior performant\u0103, astfel \u00eenc\u00e2t \u00eentreg \u00c2\u00a0hele\u0219teul s\u0103 fie monitorizat \u00een permanen\u021b\u0103 \u0219i de sus. Reamintim c\u0103, \u00een decurs de dou\u0103 s\u0103pt\u0103m\u00e2ni, pe lacul din Parcul Cr\u00e2ng au fost descoperite moarte 18 ra\u021be s\u0103lbatice.<\/p>\n<p>&nbsp;<\/p>\n<p>&nbsp;<\/p>\n","protected":false},"excerpt":{"rendered":"<p>Comisarii G\u0103rzii Na\u021bionale de Mediu au dispus m\u0103suri de urgen\u021b\u0103 \u00een Parcul Cr\u00e2ng, din municipiul Buz\u0103u, dup\u0103 controlul f\u0103cut \u00een cazul ra\u021belor moarte de pe hele\u0219teu. Prima m\u0103sur\u0103 pe care Prim\u0103ria va trebui s-o pun\u0103 \u00een aplicare vizeaz\u0103 paza lacului din Cr\u00e2ng. Astfel, hele\u0219teul va fi p\u0103zit de c\u0103tre poli\u021bi\u0219tii locali non-stop, inlusiv pe timpul nop\u021bii. De asemenea, \u00een zona insuli\u021bei va fi montat\u0103 o camer\u0103 de supraveghere de exterior performant\u0103, astfel \u00eenc\u00e2t \u00eentreg \u00c2\u00a0hele\u0219teul s\u0103 fie monitorizat \u00een permanen\u021b\u0103 \u0219i de sus. Reamintim c\u0103, \u00een decurs de dou\u0103 s\u0103pt\u0103m\u00e2ni,&hellip;<\/p>\n","protected":false},"author":4,"featured_media":23081,"comment_status":"closed","ping_status":"closed","sticky":false,"template":"","format":"standard","meta":{"footnotes":""},"categories":[168],"tags":[1819,8218,8217],"class_list":["post-23080","post","type-post","status-publish","format-standard","has-post-thumbnail","hentry","category-informatia-de-buzau","tag-parc-crang","tag-paza-non-stop","tag-ratuste"],"gutentor_comment":0,"_links":{"self":[{"href":"https:\/\/scurtpe2.ro\/index.php?rest_route=\/wp\/v2\/posts\/23080","targetHints":{"allow":["GET"]}}],"collection":[{"href":"https:\/\/scurtpe2.ro\/index.php?rest_route=\/wp\/v2\/posts"}],"about":[{"href":"https:\/\/scurtpe2.ro\/index.php?rest_route=\/wp\/v2\/types\/post"}],"author":[{"embeddable":true,"href":"https:\/\/scurtpe2.ro\/index.php?rest_route=\/wp\/v2\/users\/4"}],"replies":[{"embeddable":true,"href":"https:\/\/scurtpe2.ro\/index.php?rest_route=%2Fwp%2Fv2%2Fcomments&post=23080"}],"version-history":[{"count":1,"href":"https:\/\/scurtpe2.ro\/index.php?rest_route=\/wp\/v2\/posts\/23080\/revisions"}],"predecessor-version":[{"id":23082,"href":"https:\/\/scurtpe2.ro\/index.php?rest_route=\/wp\/v2\/posts\/23080\/revisions\/23082"}],"wp:featuredmedia":[{"embeddable":true,"href":"https:\/\/scurtpe2.ro\/index.php?rest_route=\/wp\/v2\/media\/23081"}],"wp:attachment":[{"href":"https:\/\/scurtpe2.ro\/index.php?rest_route=%2Fwp%2Fv2%2Fmedia&parent=23080"}],"wp:term":[{"taxonomy":"category","embeddable":true,"href":"https:\/\/scurtpe2.ro\/index.php?rest_route=%2Fwp%2Fv2%2Fcategories&post=23080"},{"taxonomy":"post_tag","embeddable":true,"href":"https:\/\/scurtpe2.ro\/index.php?rest_route=%2Fwp%2Fv2%2Ftags&post=23080"}],"curies":[{"name":"wp","href":"https:\/\/api.w.org\/{rel}","templated":true}]}}