{"id":23072,"date":"2025-07-18T17:59:46","date_gmt":"2025-07-18T14:59:46","guid":{"rendered":"https:\/\/scurtpe2.ro\/?p=23072"},"modified":"2025-07-18T17:59:46","modified_gmt":"2025-07-18T14:59:46","slug":"pepeni-pe-alese-2","status":"publish","type":"post","link":"https:\/\/scurtpe2.ro\/?p=23072","title":{"rendered":"PEPENI PE ALESE"},"content":{"rendered":"<p>Ofert\u0103 bogat\u0103 de pepeni \u00een Pia\u021ba Central\u0103 din Rm. S\u0103rat. Pe c\u00e2t de tentant\u0103 este, \u00eens\u0103, marfa, pe at\u00e2t de pu\u021bini sunt cei care se \u00eencumet\u0103 s\u0103 cumpere un pepene.\u00c2\u00a0\u00cen general, oamenii \u00eei prefer\u0103 pe cei mai mici, sub 3 kilograme. Un kilogram de pepene verde se vinde cu 3 lei, iar cel galben 4\u00c2\u00a0\u00c2\u00a0lei.<\/p>\n<p>Dup\u0103 ce furtunile \u0219i grindina au afectat serios culturile\u00c2\u00a0\u00een prim\u0103var\u0103, o nou\u0103 amenin\u021bare \u0219i-a f\u0103cut, acum, apari\u021bia: canicula. C\u0103ldura excesiv\u0103 nu doar c\u0103 stric\u0103 marfa, dar \u0219i pune o presiune imens\u0103 asupra produc\u0103torilor care sunt nevoi\u021bi s\u0103-\u0219i v\u00e2nd\u0103 pepenii la pre\u021buri derizorii pentru a evita pierderi totale.<\/p>\n<p>Pentru a-\u0219i proteja marfa de soarele arz\u0103tor, comercian\u021bii au montat umbrele \u00een zona \u00een care v\u00e2nd pepeni. Ei sper\u0103 c\u0103 \u00een perioada urm\u0103toare s\u0103 aib\u0103 mai mult noroc la v\u00e2nz\u0103ri \u0219i s\u0103-\u0219i recupereze m\u0103car o parte din investi\u021bii.<\/p>\n<p>\u00cen continuare, consumatorii se pot bucura de pepeni verzi la pre\u021buri foarte accesibile, beneficiind de toate avantajele acestui fruct delicios \u0219i s\u0103n\u0103tos.<\/p>\n","protected":false},"excerpt":{"rendered":"<p>Ofert\u0103 bogat\u0103 de pepeni \u00een Pia\u021ba Central\u0103 din Rm. S\u0103rat. Pe c\u00e2t de tentant\u0103 este, \u00eens\u0103, marfa, pe at\u00e2t de pu\u021bini sunt cei care se \u00eencumet\u0103 s\u0103 cumpere un pepene.\u00c2\u00a0\u00cen general, oamenii \u00eei prefer\u0103 pe cei mai mici, sub 3 kilograme. Un kilogram de pepene verde se vinde cu 3 lei, iar cel galben 4\u00c2\u00a0\u00c2\u00a0lei. Dup\u0103 ce furtunile \u0219i grindina au afectat serios culturile\u00c2\u00a0\u00een prim\u0103var\u0103, o nou\u0103 amenin\u021bare \u0219i-a f\u0103cut, acum, apari\u021bia: canicula. C\u0103ldura excesiv\u0103 nu doar c\u0103 stric\u0103 marfa, dar \u0219i pune o presiune imens\u0103 asupra produc\u0103torilor care sunt&hellip;<\/p>\n","protected":false},"author":4,"featured_media":23073,"comment_status":"closed","ping_status":"closed","sticky":false,"template":"","format":"standard","meta":{"footnotes":""},"categories":[165],"tags":[1135,7414,579,1519,534],"class_list":["post-23072","post","type-post","status-publish","format-standard","has-post-thumbnail","hentry","category-informatia-de-ramnic","tag-comercianti","tag-pepeni","tag-piata-centrala","tag-pret","tag-sanatate"],"gutentor_comment":0,"_links":{"self":[{"href":"https:\/\/scurtpe2.ro\/index.php?rest_route=\/wp\/v2\/posts\/23072","targetHints":{"allow":["GET"]}}],"collection":[{"href":"https:\/\/scurtpe2.ro\/index.php?rest_route=\/wp\/v2\/posts"}],"about":[{"href":"https:\/\/scurtpe2.ro\/index.php?rest_route=\/wp\/v2\/types\/post"}],"author":[{"embeddable":true,"href":"https:\/\/scurtpe2.ro\/index.php?rest_route=\/wp\/v2\/users\/4"}],"replies":[{"embeddable":true,"href":"https:\/\/scurtpe2.ro\/index.php?rest_route=%2Fwp%2Fv2%2Fcomments&post=23072"}],"version-history":[{"count":1,"href":"https:\/\/scurtpe2.ro\/index.php?rest_route=\/wp\/v2\/posts\/23072\/revisions"}],"predecessor-version":[{"id":23074,"href":"https:\/\/scurtpe2.ro\/index.php?rest_route=\/wp\/v2\/posts\/23072\/revisions\/23074"}],"wp:featuredmedia":[{"embeddable":true,"href":"https:\/\/scurtpe2.ro\/index.php?rest_route=\/wp\/v2\/media\/23073"}],"wp:attachment":[{"href":"https:\/\/scurtpe2.ro\/index.php?rest_route=%2Fwp%2Fv2%2Fmedia&parent=23072"}],"wp:term":[{"taxonomy":"category","embeddable":true,"href":"https:\/\/scurtpe2.ro\/index.php?rest_route=%2Fwp%2Fv2%2Fcategories&post=23072"},{"taxonomy":"post_tag","embeddable":true,"href":"https:\/\/scurtpe2.ro\/index.php?rest_route=%2Fwp%2Fv2%2Ftags&post=23072"}],"curies":[{"name":"wp","href":"https:\/\/api.w.org\/{rel}","templated":true}]}}