{"id":23061,"date":"2025-07-16T17:39:37","date_gmt":"2025-07-16T14:39:37","guid":{"rendered":"https:\/\/scurtpe2.ro\/?p=23061"},"modified":"2025-07-18T17:43:57","modified_gmt":"2025-07-18T14:43:57","slug":"reabilitare-cu-sperante-mari","status":"publish","type":"post","link":"https:\/\/scurtpe2.ro\/?p=23061","title":{"rendered":"REABILITARE CU SPERAN\u021aE MARI"},"content":{"rendered":"<p>30 de blocuri din ora\u0219ul Buz\u0103u vor fi consolidate \u0219i reabilitate energetic \u00een numai 13 luni. Este vorba despre cel mai mare contract de investi\u021bii semnat de Prim\u0103ria Buz\u0103u, \u00een valoare de peste 75 de milioane de euro, bani din fonduri europene, prin PNRR. Pe list\u0103 sunt incluse \u0219i blocurile cu bulin\u0103 ro\u0219ie din ora\u0219, inclusiv cele dou\u0103 blocuri turn cu probleme din\u00c2\u00a0 Micro V \u0219i Micro XIV.<\/p>\n<p>Autorit\u0103\u021bile buzoiene sper\u0103 \u00eentr-o minune av\u00e2nd \u00een vedere termenul destul de scurt pe care \u00eel are la dispozi\u021bie constructorul pentru a finaliza acest proiect.<\/p>\n<p>Cu siguran\u021b\u0103, firmele care au c\u00e2\u0219tigat locita\u021bia nu vor avea capacitatea de a lucra concomitent la cele 30 de blocuri din ora\u0219. Prin urmare, este foarte probabil ca mare parte din lucr\u0103ri s\u0103 fie subcontractate firmelor din Buz\u0103u.<\/p>\n<p>Acest proiect mai are o problem\u0103, legat\u0103 de majorarea TVA de la 19 la 21%. Mai exact, Prim\u0103ria Buz\u0103u va avea de acoperit diferen\u021ba de 2 %, ceea ce \u00eenseamn\u0103 un efort financiar considerabil.<\/p>\n<p>Reabilitarea blocurilor nu va fi f\u0103cut\u0103 simultan, ci \u00een etape, av\u00e2nd \u00een vedere c\u0103 \u00een unele cazuri, va fi nevoie de lucr\u0103ri de consolidare \u0219i \u00een interiorul imobilelor, iar proprietarii vor fi nevoi\u021bi s\u0103 se mute pentru o perioad\u0103 \u00een apartamentele puse la dispozi\u021bie de Prim\u0103ria Buz\u0103u, \u00een fostul sediu al Companiei de Ap\u0103.<\/p>\n","protected":false},"excerpt":{"rendered":"<p>30 de blocuri din ora\u0219ul Buz\u0103u vor fi consolidate \u0219i reabilitate energetic \u00een numai 13 luni. Este vorba despre cel mai mare contract de investi\u021bii semnat de Prim\u0103ria Buz\u0103u, \u00een valoare de peste 75 de milioane de euro, bani din fonduri europene, prin PNRR. Pe list\u0103 sunt incluse \u0219i blocurile cu bulin\u0103 ro\u0219ie din ora\u0219, inclusiv cele dou\u0103 blocuri turn cu probleme din\u00c2\u00a0 Micro V \u0219i Micro XIV. Autorit\u0103\u021bile buzoiene sper\u0103 \u00eentr-o minune av\u00e2nd \u00een vedere termenul destul de scurt pe care \u00eel are la dispozi\u021bie constructorul pentru a finaliza&hellip;<\/p>\n","protected":false},"author":4,"featured_media":23062,"comment_status":"closed","ping_status":"closed","sticky":false,"template":"","format":"standard","meta":{"footnotes":""},"categories":[168],"tags":[1483,6071,6625,530,6100],"class_list":["post-23061","post","type-post","status-publish","format-standard","has-post-thumbnail","hentry","category-informatia-de-buzau","tag-finantare","tag-imobile","tag-pnrr","tag-primaria-buzau","tag-reabilitare-blocuri"],"gutentor_comment":0,"_links":{"self":[{"href":"https:\/\/scurtpe2.ro\/index.php?rest_route=\/wp\/v2\/posts\/23061","targetHints":{"allow":["GET"]}}],"collection":[{"href":"https:\/\/scurtpe2.ro\/index.php?rest_route=\/wp\/v2\/posts"}],"about":[{"href":"https:\/\/scurtpe2.ro\/index.php?rest_route=\/wp\/v2\/types\/post"}],"author":[{"embeddable":true,"href":"https:\/\/scurtpe2.ro\/index.php?rest_route=\/wp\/v2\/users\/4"}],"replies":[{"embeddable":true,"href":"https:\/\/scurtpe2.ro\/index.php?rest_route=%2Fwp%2Fv2%2Fcomments&post=23061"}],"version-history":[{"count":1,"href":"https:\/\/scurtpe2.ro\/index.php?rest_route=\/wp\/v2\/posts\/23061\/revisions"}],"predecessor-version":[{"id":23063,"href":"https:\/\/scurtpe2.ro\/index.php?rest_route=\/wp\/v2\/posts\/23061\/revisions\/23063"}],"wp:featuredmedia":[{"embeddable":true,"href":"https:\/\/scurtpe2.ro\/index.php?rest_route=\/wp\/v2\/media\/23062"}],"wp:attachment":[{"href":"https:\/\/scurtpe2.ro\/index.php?rest_route=%2Fwp%2Fv2%2Fmedia&parent=23061"}],"wp:term":[{"taxonomy":"category","embeddable":true,"href":"https:\/\/scurtpe2.ro\/index.php?rest_route=%2Fwp%2Fv2%2Fcategories&post=23061"},{"taxonomy":"post_tag","embeddable":true,"href":"https:\/\/scurtpe2.ro\/index.php?rest_route=%2Fwp%2Fv2%2Ftags&post=23061"}],"curies":[{"name":"wp","href":"https:\/\/api.w.org\/{rel}","templated":true}]}}