{"id":22778,"date":"2025-06-10T18:41:31","date_gmt":"2025-06-10T15:41:31","guid":{"rendered":"https:\/\/scurtpe2.ro\/?p=22778"},"modified":"2025-06-10T18:41:31","modified_gmt":"2025-06-10T15:41:31","slug":"rupere-de-nori-in-judetul-buzau","status":"publish","type":"post","link":"https:\/\/scurtpe2.ro\/?p=22778","title":{"rendered":"RUPERE DE NORI \u00ceN JUDE\u021aUL BUZ\u0102U"},"content":{"rendered":"<p>O avertizare meteo cod portocaliu de ploi toren\u021biale, urmat\u0103 de un mesaj RO-Alert, a f\u0103cut pr\u0103p\u0103d \u00een trei localit\u0103\u021bi din jude\u021bul Buz\u0103u. Cur\u021bile a \u0219apte gospod\u0103rii aflate \u00een trei localit\u0103\u021bi &#8222;\u201c Ciuta (comuna M\u0103gura), B\u0103dila \u0219i Afuma\u021bi (ambele din comuna P\u00e2rscov) au fost inundate, fiind nevoie de interven\u021bia pompierilor. \u0218i \u00een municipiul Buz\u0103u, curtea unei societ\u0103\u021bi comerciale a fost inundat\u0103 de ploile toren\u021biale.<\/p>\n<p>Pentru \u00eenl\u0103turarea efectelor furtunii, 25 de subofi\u021beri \u0219i solda\u021bi grada\u021bi profesioni\u0219ti ai Inspectoratului pentru Situa\u021bii de Urgen\u021b\u0103 &#8222;\u201c de la Deta\u0219amentul de pompieri Buz\u0103u \u0219i de la Sta\u021bia M\u0103run\u021bi\u0219u\u00c2\u00a0 &#8211; au intervenit cu trei autospeciale de stingere a incendiilor de tip ASAS, cu dou\u0103 autospeciale de prim\u0103 interven\u021bie \u0219i comand\u0103 \u0219i cu trei motopompe.<\/p>\n<p>Efectele ruperii de nori s-au resim\u021bit \u0219i pe DN 10, la Ciuta. Aici, apa a adus aluviuni care s-au str\u00e2ns pe carosabil &#8211; de\u0219euri de tot felul, pietre, p\u0103m\u00e2nt \u0219i lemne au f\u0103cut ca traficul \u00een zon\u0103 s\u0103 fie impracticabil timp de aproape 2 ore. Pentru degajarea drumului au intervenit echipajele Direc\u021biei Regionale de Drumuri si Poduri Buz\u0103u.<\/p>\n<p>\u0218i la \u0218cor\u021boasa, din cauza cantit\u0103\u021bii mari de precipita\u021bii c\u0103zute \u00eentr-un timp scurt r\u00e2ul S\u0103r\u0103\u021bel a ie\u0219it din matc\u0103, exist\u00e2nd pericol de inunda\u021bii. Din acest motiv, primarul localit\u0103\u021bii a f\u0103cut apel la cet\u0103\u021beni s\u0103 urm\u0103reasc\u0103 efectele precipita\u021biilor abundente \u0219i dac\u0103 sunt probleme produse asupra gospod\u0103riilor sau infrastructurii locale s\u0103 anun\u021be de urgen\u021b\u0103. Institu\u021bia Prefectului a convocat, luni dup\u0103-amiaz\u0103, Centrul Jude\u021bean de Conducere \u0219i Coordonare a Interven\u021biei, iar \u00een zilele urm\u0103toare va fi realizat\u0103 o evaluare complet\u0103 a pagubelor.<\/p>\n","protected":false},"excerpt":{"rendered":"<p>O avertizare meteo cod portocaliu de ploi toren\u021biale, urmat\u0103 de un mesaj RO-Alert, a f\u0103cut pr\u0103p\u0103d \u00een trei localit\u0103\u021bi din jude\u021bul Buz\u0103u. Cur\u021bile a \u0219apte gospod\u0103rii aflate \u00een trei localit\u0103\u021bi &#8222;\u201c Ciuta (comuna M\u0103gura), B\u0103dila \u0219i Afuma\u021bi (ambele din comuna P\u00e2rscov) au fost inundate, fiind nevoie de interven\u021bia pompierilor. \u0218i \u00een municipiul Buz\u0103u, curtea unei societ\u0103\u021bi comerciale a fost inundat\u0103 de ploile toren\u021biale. Pentru \u00eenl\u0103turarea efectelor furtunii, 25 de subofi\u021beri \u0219i solda\u021bi grada\u021bi profesioni\u0219ti ai Inspectoratului pentru Situa\u021bii de Urgen\u021b\u0103 &#8222;\u201c de la Deta\u0219amentul de pompieri Buz\u0103u \u0219i de la&hellip;<\/p>\n","protected":false},"author":4,"featured_media":22779,"comment_status":"closed","ping_status":"closed","sticky":false,"template":"","format":"standard","meta":{"footnotes":""},"categories":[168],"tags":[678,8142,3356,1032,3233,8036],"class_list":["post-22778","post","type-post","status-publish","format-standard","has-post-thumbnail","hentry","category-informatia-de-buzau","tag-apa","tag-ciuta","tag-pagube","tag-ploaie","tag-pompieri","tag-rupere-de-nori"],"gutentor_comment":0,"_links":{"self":[{"href":"https:\/\/scurtpe2.ro\/index.php?rest_route=\/wp\/v2\/posts\/22778","targetHints":{"allow":["GET"]}}],"collection":[{"href":"https:\/\/scurtpe2.ro\/index.php?rest_route=\/wp\/v2\/posts"}],"about":[{"href":"https:\/\/scurtpe2.ro\/index.php?rest_route=\/wp\/v2\/types\/post"}],"author":[{"embeddable":true,"href":"https:\/\/scurtpe2.ro\/index.php?rest_route=\/wp\/v2\/users\/4"}],"replies":[{"embeddable":true,"href":"https:\/\/scurtpe2.ro\/index.php?rest_route=%2Fwp%2Fv2%2Fcomments&post=22778"}],"version-history":[{"count":1,"href":"https:\/\/scurtpe2.ro\/index.php?rest_route=\/wp\/v2\/posts\/22778\/revisions"}],"predecessor-version":[{"id":22780,"href":"https:\/\/scurtpe2.ro\/index.php?rest_route=\/wp\/v2\/posts\/22778\/revisions\/22780"}],"wp:featuredmedia":[{"embeddable":true,"href":"https:\/\/scurtpe2.ro\/index.php?rest_route=\/wp\/v2\/media\/22779"}],"wp:attachment":[{"href":"https:\/\/scurtpe2.ro\/index.php?rest_route=%2Fwp%2Fv2%2Fmedia&parent=22778"}],"wp:term":[{"taxonomy":"category","embeddable":true,"href":"https:\/\/scurtpe2.ro\/index.php?rest_route=%2Fwp%2Fv2%2Fcategories&post=22778"},{"taxonomy":"post_tag","embeddable":true,"href":"https:\/\/scurtpe2.ro\/index.php?rest_route=%2Fwp%2Fv2%2Ftags&post=22778"}],"curies":[{"name":"wp","href":"https:\/\/api.w.org\/{rel}","templated":true}]}}