{"id":22748,"date":"2025-06-05T17:36:46","date_gmt":"2025-06-05T14:36:46","guid":{"rendered":"https:\/\/scurtpe2.ro\/?p=22748"},"modified":"2025-06-06T17:52:23","modified_gmt":"2025-06-06T14:52:23","slug":"in-pasi-de-dans","status":"publish","type":"post","link":"https:\/\/scurtpe2.ro\/?p=22748","title":{"rendered":"\u00ceN PA\u0218I DE DANS"},"content":{"rendered":"<p>Un cocktail de talente este preg\u0103tit de Centrul Cultural &#8222;\u017eFlorica Cristoforeanu&#8221; din R\u00e2mnicu S\u0103rat. Vineri, 6 iunie, \u00eencep\u00e2nd cu ora 17:30, iubitorii dansului sunt invita\u021bi s\u0103 participe la un spectacol deosebit. Dup\u0103 un an de munc\u0103 \u0219i emo\u021bii, peste 250 de copii cu v\u00e2rste \u00eentre 4 \u0219i 16 ani, coordona\u021bi de profesorul Alina Stanciuc, se preg\u0103tesc s\u0103 p\u0103\u0219easc\u0103 pe scen\u0103 \u0219i s\u0103-\u0219i spun\u0103 povestea prin dans. Intrarea la eveniment este liber\u0103.<\/p>\n<p>Copiii coordona\u021bi de profesorul Alina Stanciuc au participat, \u0219i pe parcursul acestui an, la o serie de competi\u021bii, la care\u00c2\u00a0au reu\u0219it s\u0103 ob\u021bin\u0103 premii importante.<\/p>\n","protected":false},"excerpt":{"rendered":"<p>Un cocktail de talente este preg\u0103tit de Centrul Cultural &#8222;\u017eFlorica Cristoforeanu&#8221; din R\u00e2mnicu S\u0103rat. Vineri, 6 iunie, \u00eencep\u00e2nd cu ora 17:30, iubitorii dansului sunt invita\u021bi s\u0103 participe la un spectacol deosebit. Dup\u0103 un an de munc\u0103 \u0219i emo\u021bii, peste 250 de copii cu v\u00e2rste \u00eentre 4 \u0219i 16 ani, coordona\u021bi de profesorul Alina Stanciuc, se preg\u0103tesc s\u0103 p\u0103\u0219easc\u0103 pe scen\u0103 \u0219i s\u0103-\u0219i spun\u0103 povestea prin dans. Intrarea la eveniment este liber\u0103. Copiii coordona\u021bi de profesorul Alina Stanciuc au participat, \u0219i pe parcursul acestui an, la o serie de competi\u021bii, la&hellip;<\/p>\n","protected":false},"author":4,"featured_media":16386,"comment_status":"closed","ping_status":"closed","sticky":false,"template":"","format":"standard","meta":{"footnotes":""},"categories":[165],"tags":[2490,639,8135],"class_list":["post-22748","post","type-post","status-publish","format-standard","has-post-thumbnail","hentry","category-informatia-de-ramnic","tag-centru-cultural","tag-copii","tag-dans"],"gutentor_comment":0,"_links":{"self":[{"href":"https:\/\/scurtpe2.ro\/index.php?rest_route=\/wp\/v2\/posts\/22748","targetHints":{"allow":["GET"]}}],"collection":[{"href":"https:\/\/scurtpe2.ro\/index.php?rest_route=\/wp\/v2\/posts"}],"about":[{"href":"https:\/\/scurtpe2.ro\/index.php?rest_route=\/wp\/v2\/types\/post"}],"author":[{"embeddable":true,"href":"https:\/\/scurtpe2.ro\/index.php?rest_route=\/wp\/v2\/users\/4"}],"replies":[{"embeddable":true,"href":"https:\/\/scurtpe2.ro\/index.php?rest_route=%2Fwp%2Fv2%2Fcomments&post=22748"}],"version-history":[{"count":1,"href":"https:\/\/scurtpe2.ro\/index.php?rest_route=\/wp\/v2\/posts\/22748\/revisions"}],"predecessor-version":[{"id":22749,"href":"https:\/\/scurtpe2.ro\/index.php?rest_route=\/wp\/v2\/posts\/22748\/revisions\/22749"}],"wp:featuredmedia":[{"embeddable":true,"href":"https:\/\/scurtpe2.ro\/index.php?rest_route=\/wp\/v2\/media\/16386"}],"wp:attachment":[{"href":"https:\/\/scurtpe2.ro\/index.php?rest_route=%2Fwp%2Fv2%2Fmedia&parent=22748"}],"wp:term":[{"taxonomy":"category","embeddable":true,"href":"https:\/\/scurtpe2.ro\/index.php?rest_route=%2Fwp%2Fv2%2Fcategories&post=22748"},{"taxonomy":"post_tag","embeddable":true,"href":"https:\/\/scurtpe2.ro\/index.php?rest_route=%2Fwp%2Fv2%2Ftags&post=22748"}],"curies":[{"name":"wp","href":"https:\/\/api.w.org\/{rel}","templated":true}]}}