{"id":22745,"date":"2025-06-05T17:33:20","date_gmt":"2025-06-05T14:33:20","guid":{"rendered":"https:\/\/scurtpe2.ro\/?p=22745"},"modified":"2025-06-06T17:36:25","modified_gmt":"2025-06-06T14:36:25","slug":"fantanile-arteziene-pornite-in-sezonul-cald","status":"publish","type":"post","link":"https:\/\/scurtpe2.ro\/?p=22745","title":{"rendered":"F\u00c3\u201aNT\u00c3\u201aNILE ARTEZIENE, PORNITE \u00ceN SEZONUL CALD\u00c2\u00a0\u00c2\u00a0"},"content":{"rendered":"<p class=\"ydp7de15e1cmsonormal\" style=\"background: white; font-variant-ligatures: normal; font-variant-caps: normal; orphans: 2; text-align: start; widows: 2; -webkit-text-stroke-width: 0px; text-decoration-thickness: initial; text-decoration-style: initial; text-decoration-color: initial; word-spacing: 0px;\"><span style=\"font-size: 14.0pt; color: #333333;\">F\u00e2nt\u00e2nile arteziene din municipiul R\u00e2mnicu S\u0103rat au fost activate. Administra\u021bia Domeniului Public a pornit c\u00e2teva dintre f\u00e2nt\u00e2nile arteziene din municipiu \u0219i continu\u0103 lucr\u0103rile de repara\u021bii la celelalte, astfel \u00eenc\u00e2t, r\u00e2mnicenii s\u0103 se poat\u0103 bucura de jocurile de ap\u0103, pe tot parcursul sezonului cald. Deocamdat\u0103 sunt func\u021bionale f\u00e2nt\u00e2nile arteziene din zona central\u0103 a ora\u0219ului, precum \u0219i cea amenajat\u0103 \u00een Parcul Grigore Vieru. Cea din Parcul Central trece printr-un proces de repara\u021bii.<\/span><\/p>\n<p class=\"ydp7de15e1cmsonormal\" style=\"background: white;\"><span style=\"font-size: 14.0pt; color: #333333;\">Pe tot parcursul verii, f\u00e2nt\u00e2nile arteziene vor fi verificate \u0219i igienizate de angaja\u021bii Administra\u021biei Domeniului Public. Reprezentan\u021bii institu\u021biei fac apel la cet\u0103\u021beni s\u0103 dea dovad\u0103 de sim\u021b civic \u0219i s\u0103 nu mai arunce diferite gunoaie \u00een f\u00e2nt\u00e2ni.<\/span><\/p>\n<p class=\"ydp7de15e1cmsonormal\" style=\"background: white;\"><span style=\"font-size: 14.0pt; color: #333333;\">De asemenea, conducerea ADP face un apel \u0219i la p\u0103rin\u021bi. Ace\u0219tia trebuie s\u0103 supravegheze copiii c\u00e2nd se afl\u0103 \u00een apropierea f\u00e2nt\u00e2nilor arteziene.<\/span><\/p>\n<p class=\"ydp7de15e1cmsonormal\" style=\"background: white; font-variant-ligatures: normal; font-variant-caps: normal; orphans: 2; text-align: start; widows: 2; -webkit-text-stroke-width: 0px; text-decoration-thickness: initial; text-decoration-style: initial; text-decoration-color: initial; word-spacing: 0px;\"><span style=\"font-size: 14.0pt; color: #333333;\">F\u00e2nt\u00e2nile arteziene sunt amenajate, \u00een general, \u00een parcuri, gr\u0103dini, pie\u021be sau \u00een fa\u021ba unor cl\u0103diri importante. Acestea ad\u0103ug\u0103 un plus de frumuse\u021be ora\u0219ului, dar ofer\u0103 \u0219i umiditate pentru cet\u0103\u021beni \u00een perioadele toride.<\/span><\/p>\n","protected":false},"excerpt":{"rendered":"<p>F\u00e2nt\u00e2nile arteziene din municipiul R\u00e2mnicu S\u0103rat au fost activate. Administra\u021bia Domeniului Public a pornit c\u00e2teva dintre f\u00e2nt\u00e2nile arteziene din municipiu \u0219i continu\u0103 lucr\u0103rile de repara\u021bii la celelalte, astfel \u00eenc\u00e2t, r\u00e2mnicenii s\u0103 se poat\u0103 bucura de jocurile de ap\u0103, pe tot parcursul sezonului cald. Deocamdat\u0103 sunt func\u021bionale f\u00e2nt\u00e2nile arteziene din zona central\u0103 a ora\u0219ului, precum \u0219i cea amenajat\u0103 \u00een Parcul Grigore Vieru. Cea din Parcul Central trece printr-un proces de repara\u021bii. Pe tot parcursul verii, f\u00e2nt\u00e2nile arteziene vor fi verificate \u0219i igienizate de angaja\u021bii Administra\u021biei Domeniului Public. Reprezentan\u021bii institu\u021biei fac apel&hellip;<\/p>\n","protected":false},"author":4,"featured_media":22746,"comment_status":"closed","ping_status":"closed","sticky":false,"template":"","format":"standard","meta":{"footnotes":""},"categories":[165],"tags":[980,8134,5455],"class_list":["post-22745","post","type-post","status-publish","format-standard","has-post-thumbnail","hentry","category-informatia-de-ramnic","tag-adp-rm-sarat","tag-fanta-arteziana","tag-vara"],"gutentor_comment":0,"_links":{"self":[{"href":"https:\/\/scurtpe2.ro\/index.php?rest_route=\/wp\/v2\/posts\/22745","targetHints":{"allow":["GET"]}}],"collection":[{"href":"https:\/\/scurtpe2.ro\/index.php?rest_route=\/wp\/v2\/posts"}],"about":[{"href":"https:\/\/scurtpe2.ro\/index.php?rest_route=\/wp\/v2\/types\/post"}],"author":[{"embeddable":true,"href":"https:\/\/scurtpe2.ro\/index.php?rest_route=\/wp\/v2\/users\/4"}],"replies":[{"embeddable":true,"href":"https:\/\/scurtpe2.ro\/index.php?rest_route=%2Fwp%2Fv2%2Fcomments&post=22745"}],"version-history":[{"count":1,"href":"https:\/\/scurtpe2.ro\/index.php?rest_route=\/wp\/v2\/posts\/22745\/revisions"}],"predecessor-version":[{"id":22747,"href":"https:\/\/scurtpe2.ro\/index.php?rest_route=\/wp\/v2\/posts\/22745\/revisions\/22747"}],"wp:featuredmedia":[{"embeddable":true,"href":"https:\/\/scurtpe2.ro\/index.php?rest_route=\/wp\/v2\/media\/22746"}],"wp:attachment":[{"href":"https:\/\/scurtpe2.ro\/index.php?rest_route=%2Fwp%2Fv2%2Fmedia&parent=22745"}],"wp:term":[{"taxonomy":"category","embeddable":true,"href":"https:\/\/scurtpe2.ro\/index.php?rest_route=%2Fwp%2Fv2%2Fcategories&post=22745"},{"taxonomy":"post_tag","embeddable":true,"href":"https:\/\/scurtpe2.ro\/index.php?rest_route=%2Fwp%2Fv2%2Ftags&post=22745"}],"curies":[{"name":"wp","href":"https:\/\/api.w.org\/{rel}","templated":true}]}}