{"id":22721,"date":"2025-06-03T20:36:47","date_gmt":"2025-06-03T17:36:47","guid":{"rendered":"https:\/\/scurtpe2.ro\/?p=22721"},"modified":"2025-06-03T20:36:47","modified_gmt":"2025-06-03T17:36:47","slug":"invitati-la-dragaica","status":"publish","type":"post","link":"https:\/\/scurtpe2.ro\/?p=22721","title":{"rendered":"INVITA\u021aI LA DR\u0102GAIC\u0102"},"content":{"rendered":"<p>Buzoienii sunt invita\u021bi la o nou\u0103 edi\u021bie a T\u00e2rgului Dr\u0103gaica. Tradi\u021bionalul t\u00e2rg de la marginea Buz\u0103ului va avea loc \u00een perioada 7 &#8222;\u201c 24 iunie, \u0219i promite, ca \u00een fiecare an, o atmosfer\u0103 vibrant\u0103, plin\u0103 de culoare, tradi\u021bie \u0219i voie bun\u0103.<\/p>\n<p>\u00cencep\u00e2nd cu ora 10:00, timp de 18 zile, vizitatorii vor fi \u00eent\u00e2mpina\u021bi cu bucate tradi\u021bionale, parc de distrac\u021bii pentru copii, produse ale me\u0219terilor buzoieni \u0219i multe altele. \u00cen ciuda dificult\u0103\u021bilor financiare cu care Prim\u0103ria se confrunt\u0103, Dr\u0103gaica va fi \u0219i \u00een acest an un t\u00e2rg al bunei dispozi\u021bii, deliciilor \u0219i surprizelor.<\/p>\n<p>De pe lista numeroaselor surprize nu vor lipsi concertele sus\u021binute de arti\u0219ti unul \u0219i unul. \u00cen fiecare sear\u0103, de la ora 18:00, pe scena din Dr\u0103gaic\u0103 vor urca cunoscu\u021bi interpre\u021bi buzoieni, dar \u0219i vedete de renume precum: Carla`s Dreams, The Motans, The Urs, Ionel Tudorache, Anca \u00c8\u0161urca\u0219iu, Monica Anghel, Holograf, Proconsul ori Carmen \u0218erban.<\/p>\n<p>Pre\u021bul de intrare \u00een tradi\u021bionalul t\u00e2rg din municipiul Buz\u0103u va fi de 4 lei de persoan\u0103, cu excep\u021bia copiilor sub 14 ani care beneficiaz\u0103 de intrare gratuit\u0103. De gratuitate vor beneficia \u0219i vizitatorii care vor purta ie, pe 24 iunie, c\u00e2nd se s\u0103rb\u0103tore\u0219te, at\u00e2t Ziua Dr\u0103g\u0103icii, c\u00e2t \u0219i a Iei.<\/p>\n","protected":false},"excerpt":{"rendered":"<p>Buzoienii sunt invita\u021bi la o nou\u0103 edi\u021bie a T\u00e2rgului Dr\u0103gaica. Tradi\u021bionalul t\u00e2rg de la marginea Buz\u0103ului va avea loc \u00een perioada 7 &#8222;\u201c 24 iunie, \u0219i promite, ca \u00een fiecare an, o atmosfer\u0103 vibrant\u0103, plin\u0103 de culoare, tradi\u021bie \u0219i voie bun\u0103. \u00cencep\u00e2nd cu ora 10:00, timp de 18 zile, vizitatorii vor fi \u00eent\u00e2mpina\u021bi cu bucate tradi\u021bionale, parc de distrac\u021bii pentru copii, produse ale me\u0219terilor buzoieni \u0219i multe altele. \u00cen ciuda dificult\u0103\u021bilor financiare cu care Prim\u0103ria se confrunt\u0103, Dr\u0103gaica va fi \u0219i \u00een acest an un t\u00e2rg al bunei dispozi\u021bii, deliciilor&hellip;<\/p>\n","protected":false},"author":4,"featured_media":22722,"comment_status":"closed","ping_status":"closed","sticky":false,"template":"","format":"standard","meta":{"footnotes":""},"categories":[168],"tags":[987,5498,4888,3058,6542],"class_list":["post-22721","post","type-post","status-publish","format-standard","has-post-thumbnail","hentry","category-informatia-de-buzau","tag-artisti","tag-carlas-dreams","tag-distractie","tag-dragaica","tag-ziua-iei"],"gutentor_comment":0,"_links":{"self":[{"href":"https:\/\/scurtpe2.ro\/index.php?rest_route=\/wp\/v2\/posts\/22721","targetHints":{"allow":["GET"]}}],"collection":[{"href":"https:\/\/scurtpe2.ro\/index.php?rest_route=\/wp\/v2\/posts"}],"about":[{"href":"https:\/\/scurtpe2.ro\/index.php?rest_route=\/wp\/v2\/types\/post"}],"author":[{"embeddable":true,"href":"https:\/\/scurtpe2.ro\/index.php?rest_route=\/wp\/v2\/users\/4"}],"replies":[{"embeddable":true,"href":"https:\/\/scurtpe2.ro\/index.php?rest_route=%2Fwp%2Fv2%2Fcomments&post=22721"}],"version-history":[{"count":1,"href":"https:\/\/scurtpe2.ro\/index.php?rest_route=\/wp\/v2\/posts\/22721\/revisions"}],"predecessor-version":[{"id":22723,"href":"https:\/\/scurtpe2.ro\/index.php?rest_route=\/wp\/v2\/posts\/22721\/revisions\/22723"}],"wp:featuredmedia":[{"embeddable":true,"href":"https:\/\/scurtpe2.ro\/index.php?rest_route=\/wp\/v2\/media\/22722"}],"wp:attachment":[{"href":"https:\/\/scurtpe2.ro\/index.php?rest_route=%2Fwp%2Fv2%2Fmedia&parent=22721"}],"wp:term":[{"taxonomy":"category","embeddable":true,"href":"https:\/\/scurtpe2.ro\/index.php?rest_route=%2Fwp%2Fv2%2Fcategories&post=22721"},{"taxonomy":"post_tag","embeddable":true,"href":"https:\/\/scurtpe2.ro\/index.php?rest_route=%2Fwp%2Fv2%2Ftags&post=22721"}],"curies":[{"name":"wp","href":"https:\/\/api.w.org\/{rel}","templated":true}]}}