{"id":22719,"date":"2025-06-03T20:34:17","date_gmt":"2025-06-03T17:34:17","guid":{"rendered":"https:\/\/scurtpe2.ro\/?p=22719"},"modified":"2025-06-03T20:34:17","modified_gmt":"2025-06-03T17:34:17","slug":"ales-intr-o-functie-importanta","status":"publish","type":"post","link":"https:\/\/scurtpe2.ro\/?p=22719","title":{"rendered":"ALES \u00ceNTR-O FUNC\u021aIE IMPORTANT\u0102"},"content":{"rendered":"<p>R\u00e2mniceanul Florin Ceparu a fost ales vicepre\u0219edinte al Asocia\u021biei Administratorilor Publici din Rom\u00e2nia. El a fost ales \u00een aceast\u0103 func\u021bie, recent, la propunerea pre\u0219edintelui Florea Marian. Florin Ceparu afirm\u0103 c\u0103 \u0219i-a propus ca al\u0103turi de noul Consiliu Director al Asocie\u021biei \u0219i de colegii din \u021bar\u0103, s\u0103 contribuie la dezvoltarea comunit\u0103\u021bilor locale din Rom\u00e2nia.<\/p>\n<p>\u00cen Rom\u00e2nia exist\u0103 administratori publici la nivelul consiliilor jude\u021bene, ora\u0219elor \u0219i comunelor, care contribuie la modernizarea \u0219i eficientizarea administra\u021biei publice din care fac parte.<\/p>\n<p>Florin Ceparu este administrator public al municipiului R\u00e2mnicu S\u0103rat din anul 2017.<\/p>\n","protected":false},"excerpt":{"rendered":"<p>R\u00e2mniceanul Florin Ceparu a fost ales vicepre\u0219edinte al Asocia\u021biei Administratorilor Publici din Rom\u00e2nia. El a fost ales \u00een aceast\u0103 func\u021bie, recent, la propunerea pre\u0219edintelui Florea Marian. Florin Ceparu afirm\u0103 c\u0103 \u0219i-a propus ca al\u0103turi de noul Consiliu Director al Asocie\u021biei \u0219i de colegii din \u021bar\u0103, s\u0103 contribuie la dezvoltarea comunit\u0103\u021bilor locale din Rom\u00e2nia. \u00cen Rom\u00e2nia exist\u0103 administratori publici la nivelul consiliilor jude\u021bene, ora\u0219elor \u0219i comunelor, care contribuie la modernizarea \u0219i eficientizarea administra\u021biei publice din care fac parte. Florin Ceparu este administrator public al municipiului R\u00e2mnicu S\u0103rat din anul 2017.<\/p>\n","protected":false},"author":4,"featured_media":15910,"comment_status":"closed","ping_status":"closed","sticky":false,"template":"","format":"standard","meta":{"footnotes":""},"categories":[165],"tags":[6988,3172,6762],"class_list":["post-22719","post","type-post","status-publish","format-standard","has-post-thumbnail","hentry","category-informatia-de-ramnic","tag-administrator-public","tag-florin-ceparu","tag-vicepresedinte"],"gutentor_comment":0,"_links":{"self":[{"href":"https:\/\/scurtpe2.ro\/index.php?rest_route=\/wp\/v2\/posts\/22719","targetHints":{"allow":["GET"]}}],"collection":[{"href":"https:\/\/scurtpe2.ro\/index.php?rest_route=\/wp\/v2\/posts"}],"about":[{"href":"https:\/\/scurtpe2.ro\/index.php?rest_route=\/wp\/v2\/types\/post"}],"author":[{"embeddable":true,"href":"https:\/\/scurtpe2.ro\/index.php?rest_route=\/wp\/v2\/users\/4"}],"replies":[{"embeddable":true,"href":"https:\/\/scurtpe2.ro\/index.php?rest_route=%2Fwp%2Fv2%2Fcomments&post=22719"}],"version-history":[{"count":1,"href":"https:\/\/scurtpe2.ro\/index.php?rest_route=\/wp\/v2\/posts\/22719\/revisions"}],"predecessor-version":[{"id":22720,"href":"https:\/\/scurtpe2.ro\/index.php?rest_route=\/wp\/v2\/posts\/22719\/revisions\/22720"}],"wp:featuredmedia":[{"embeddable":true,"href":"https:\/\/scurtpe2.ro\/index.php?rest_route=\/wp\/v2\/media\/15910"}],"wp:attachment":[{"href":"https:\/\/scurtpe2.ro\/index.php?rest_route=%2Fwp%2Fv2%2Fmedia&parent=22719"}],"wp:term":[{"taxonomy":"category","embeddable":true,"href":"https:\/\/scurtpe2.ro\/index.php?rest_route=%2Fwp%2Fv2%2Fcategories&post=22719"},{"taxonomy":"post_tag","embeddable":true,"href":"https:\/\/scurtpe2.ro\/index.php?rest_route=%2Fwp%2Fv2%2Ftags&post=22719"}],"curies":[{"name":"wp","href":"https:\/\/api.w.org\/{rel}","templated":true}]}}