{"id":22705,"date":"2025-06-02T17:58:09","date_gmt":"2025-06-02T14:58:09","guid":{"rendered":"https:\/\/scurtpe2.ro\/?p=22705"},"modified":"2025-06-02T17:58:09","modified_gmt":"2025-06-02T14:58:09","slug":"increzator-in-atingerea-obiectivelor","status":"publish","type":"post","link":"https:\/\/scurtpe2.ro\/?p=22705","title":{"rendered":"\u00ceNCREZ\u0102TOR \u00ceN ATINGEREA OBIECTIVELOR"},"content":{"rendered":"<p>Consiliul Jude\u021bean are de acum un nou vicepre\u0219edinte, \u00een persoana lui Costin Stanciu. T\u00e2n\u0103rul social-democrat este \u00eencrez\u0103tor c\u0103-\u0219i va \u00eendeplini cu succes atribu\u021biile sale de vicepre\u0219edinte, declar\u00e2nd c\u0103 \u00ee\u0219i asum\u0103 responsabilitatea func\u021biei \u0219i c\u0103 are suficient\u0103 experien\u021b\u0103 \u00een conducerea unei institu\u021bii publice. Stanciu a f\u0103cut aici referire la clubul SCM Gloria Buz\u0103u, care func\u021bioneaz\u0103 pe acelea\u0219i principiu \u0219i unde a fost director. La fel de convins de reu\u0219ita t\u00e2n\u0103rului social-democrat este \u0219i pre\u0219edintele institu\u021biei Lucian Roma\u0219canu, care a ad\u0103ugat c\u0103 Stanciu va prelua atribu\u021biile fostului vicepre\u0219edinte Claudiu Damian.<\/p>\n<p>Costin Stanciu a mai ad\u0103ugat c\u0103 din aceast\u0103 postur\u0103 va colabora cu to\u021bi colegii din Consiliul Jude\u021bean pentru a g\u0103si cele mai bune strategii \u0219i solu\u021bii pentru jude\u021bul Buz\u0103u. La r\u00e2ndul s\u0103u, vicepre\u0219edintele Adrian Petre este ferm convins c\u0103 totul va merge ,,ca pe roate&#8221;\u009d \u0219i c\u0103 dorin\u021ba de afirmare primeaz\u0103 \u00een realizarea proiectelor pentru buzoieni.<\/p>\n<p>Lucian Roma\u0219canu va demisiona de la conducerea Consiliului Jude\u021bean Buz\u0103u, la finele acestei luni, urm\u00e2nd ca locul s\u0103u s\u0103 fie preluat, intermiar, de c\u0103tre Adrian Petre. Tot atunci, ar urma ca \u0219i Faustin Sc\u00eentei s\u0103 devin\u0103 al doilea vicepre\u0219edinte al institu\u021biei.<\/p>\n","protected":false},"excerpt":{"rendered":"<p>Consiliul Jude\u021bean are de acum un nou vicepre\u0219edinte, \u00een persoana lui Costin Stanciu. T\u00e2n\u0103rul social-democrat este \u00eencrez\u0103tor c\u0103-\u0219i va \u00eendeplini cu succes atribu\u021biile sale de vicepre\u0219edinte, declar\u00e2nd c\u0103 \u00ee\u0219i asum\u0103 responsabilitatea func\u021biei \u0219i c\u0103 are suficient\u0103 experien\u021b\u0103 \u00een conducerea unei institu\u021bii publice. Stanciu a f\u0103cut aici referire la clubul SCM Gloria Buz\u0103u, care func\u021bioneaz\u0103 pe acelea\u0219i principiu \u0219i unde a fost director. La fel de convins de reu\u0219ita t\u00e2n\u0103rului social-democrat este \u0219i pre\u0219edintele institu\u021biei Lucian Roma\u0219canu, care a ad\u0103ugat c\u0103 Stanciu va prelua atribu\u021biile fostului vicepre\u0219edinte Claudiu Damian. Costin Stanciu&hellip;<\/p>\n","protected":false},"author":4,"featured_media":22706,"comment_status":"closed","ping_status":"closed","sticky":false,"template":"","format":"standard","meta":{"footnotes":""},"categories":[168],"tags":[523,7846,7816,6762],"class_list":["post-22705","post","type-post","status-publish","format-standard","has-post-thumbnail","hentry","category-informatia-de-buzau","tag-consiliu-judetean","tag-costin-stanciu","tag-obiectiv","tag-vicepresedinte"],"gutentor_comment":0,"_links":{"self":[{"href":"https:\/\/scurtpe2.ro\/index.php?rest_route=\/wp\/v2\/posts\/22705","targetHints":{"allow":["GET"]}}],"collection":[{"href":"https:\/\/scurtpe2.ro\/index.php?rest_route=\/wp\/v2\/posts"}],"about":[{"href":"https:\/\/scurtpe2.ro\/index.php?rest_route=\/wp\/v2\/types\/post"}],"author":[{"embeddable":true,"href":"https:\/\/scurtpe2.ro\/index.php?rest_route=\/wp\/v2\/users\/4"}],"replies":[{"embeddable":true,"href":"https:\/\/scurtpe2.ro\/index.php?rest_route=%2Fwp%2Fv2%2Fcomments&post=22705"}],"version-history":[{"count":2,"href":"https:\/\/scurtpe2.ro\/index.php?rest_route=\/wp\/v2\/posts\/22705\/revisions"}],"predecessor-version":[{"id":22708,"href":"https:\/\/scurtpe2.ro\/index.php?rest_route=\/wp\/v2\/posts\/22705\/revisions\/22708"}],"wp:featuredmedia":[{"embeddable":true,"href":"https:\/\/scurtpe2.ro\/index.php?rest_route=\/wp\/v2\/media\/22706"}],"wp:attachment":[{"href":"https:\/\/scurtpe2.ro\/index.php?rest_route=%2Fwp%2Fv2%2Fmedia&parent=22705"}],"wp:term":[{"taxonomy":"category","embeddable":true,"href":"https:\/\/scurtpe2.ro\/index.php?rest_route=%2Fwp%2Fv2%2Fcategories&post=22705"},{"taxonomy":"post_tag","embeddable":true,"href":"https:\/\/scurtpe2.ro\/index.php?rest_route=%2Fwp%2Fv2%2Ftags&post=22705"}],"curies":[{"name":"wp","href":"https:\/\/api.w.org\/{rel}","templated":true}]}}