{"id":22692,"date":"2025-05-30T18:00:56","date_gmt":"2025-05-30T15:00:56","guid":{"rendered":"https:\/\/scurtpe2.ro\/?p=22692"},"modified":"2025-05-30T18:00:56","modified_gmt":"2025-05-30T15:00:56","slug":"de-ziua-copilului-2","status":"publish","type":"post","link":"https:\/\/scurtpe2.ro\/?p=22692","title":{"rendered":"DE ZIUA COPILULUI"},"content":{"rendered":"<p class=\"yiv8943351097ydp182a4ce6msonormal\" style=\"background: white;\"><span lang=\"EN-US\" style=\"font-size: 18.0pt; color: #1d2228;\">Muzic\u0103 pentru toate gusturile, jocuri, ateliere de crea\u021bie, baloane colorate, v\u00e2n\u0103toare de comori \u0219i multe alte surprize. De toate acestea vor avea parte copiii din municipiul R\u00e2mnicu S\u0103rat pe 1 Iunie. Duminic\u0103, de Ziua Interna\u021bional\u0103 a Copilului, Centrul Cultural ,,Florica Cristoforeanu,, \u00eei invit\u0103 pe cei mici, \u00een Parcul Central, \u00eencep\u00e2nd cu ora 11.00.<\/span><\/p>\n<p class=\"yiv8943351097ydp182a4ce6msonormal\" style=\"background: white;\"><span lang=\"EN-US\" style=\"font-size: 18.0pt; color: #1d2228;\">Evenimentul dedicat celor mici este organizat de Prim\u0103ria Municipiului R\u00e2mnicu S\u0103rat, Consiliul Local, Centrul Cultural &#8222;Florica Cristoforeanu&#8221; \u00een parteneriat cu Biblioteca Municipal\u0103 &#8222;Corneliu Coposu&#8221; \u0219i Muzeul Municipal &#8222;Octavian Mo\u0219escu&#8221;. \u00cen activitate sunt angrenate \u0219i alte institu\u021bii publice locale \u0219i prim\u0103rii din zona R\u00e2mnicului.<\/span><\/p>\n","protected":false},"excerpt":{"rendered":"<p>Muzic\u0103 pentru toate gusturile, jocuri, ateliere de crea\u021bie, baloane colorate, v\u00e2n\u0103toare de comori \u0219i multe alte surprize. De toate acestea vor avea parte copiii din municipiul R\u00e2mnicu S\u0103rat pe 1 Iunie. Duminic\u0103, de Ziua Interna\u021bional\u0103 a Copilului, Centrul Cultural ,,Florica Cristoforeanu,, \u00eei invit\u0103 pe cei mici, \u00een Parcul Central, \u00eencep\u00e2nd cu ora 11.00. Evenimentul dedicat celor mici este organizat de Prim\u0103ria Municipiului R\u00e2mnicu S\u0103rat, Consiliul Local, Centrul Cultural &#8222;Florica Cristoforeanu&#8221; \u00een parteneriat cu Biblioteca Municipal\u0103 &#8222;Corneliu Coposu&#8221; \u0219i Muzeul Municipal &#8222;Octavian Mo\u0219escu&#8221;. \u00cen activitate sunt angrenate \u0219i alte institu\u021bii publice&hellip;<\/p>\n","protected":false},"author":4,"featured_media":15067,"comment_status":"closed","ping_status":"closed","sticky":false,"template":"","format":"standard","meta":{"footnotes":""},"categories":[165],"tags":[5430,5745,1329,4560],"class_list":["post-22692","post","type-post","status-publish","format-standard","has-post-thumbnail","hentry","category-informatia-de-ramnic","tag-1-iunie","tag-centrul-cultural","tag-parc","tag-ziua-copilului"],"gutentor_comment":0,"_links":{"self":[{"href":"https:\/\/scurtpe2.ro\/index.php?rest_route=\/wp\/v2\/posts\/22692","targetHints":{"allow":["GET"]}}],"collection":[{"href":"https:\/\/scurtpe2.ro\/index.php?rest_route=\/wp\/v2\/posts"}],"about":[{"href":"https:\/\/scurtpe2.ro\/index.php?rest_route=\/wp\/v2\/types\/post"}],"author":[{"embeddable":true,"href":"https:\/\/scurtpe2.ro\/index.php?rest_route=\/wp\/v2\/users\/4"}],"replies":[{"embeddable":true,"href":"https:\/\/scurtpe2.ro\/index.php?rest_route=%2Fwp%2Fv2%2Fcomments&post=22692"}],"version-history":[{"count":1,"href":"https:\/\/scurtpe2.ro\/index.php?rest_route=\/wp\/v2\/posts\/22692\/revisions"}],"predecessor-version":[{"id":22693,"href":"https:\/\/scurtpe2.ro\/index.php?rest_route=\/wp\/v2\/posts\/22692\/revisions\/22693"}],"wp:featuredmedia":[{"embeddable":true,"href":"https:\/\/scurtpe2.ro\/index.php?rest_route=\/wp\/v2\/media\/15067"}],"wp:attachment":[{"href":"https:\/\/scurtpe2.ro\/index.php?rest_route=%2Fwp%2Fv2%2Fmedia&parent=22692"}],"wp:term":[{"taxonomy":"category","embeddable":true,"href":"https:\/\/scurtpe2.ro\/index.php?rest_route=%2Fwp%2Fv2%2Fcategories&post=22692"},{"taxonomy":"post_tag","embeddable":true,"href":"https:\/\/scurtpe2.ro\/index.php?rest_route=%2Fwp%2Fv2%2Ftags&post=22692"}],"curies":[{"name":"wp","href":"https:\/\/api.w.org\/{rel}","templated":true}]}}