{"id":22501,"date":"2025-05-08T17:56:59","date_gmt":"2025-05-08T14:56:59","guid":{"rendered":"https:\/\/scurtpe2.ro\/?p=22501"},"modified":"2025-05-08T17:56:59","modified_gmt":"2025-05-08T14:56:59","slug":"o-noua-expozitie-5","status":"publish","type":"post","link":"https:\/\/scurtpe2.ro\/?p=22501","title":{"rendered":"O NOU\u0102 EXPOZI\u021aIE"},"content":{"rendered":"<p class=\"yiv9976641309ydpf2fb559fmsonormal\" style=\"background: white;\"><span lang=\"EN-US\" style=\"font-size: 18.0pt; color: #1d2228;\">O nou\u0103 expozi\u021bie de art\u0103 plastic\u0103 \u00eei \u00eenvit\u0103 pe r\u00e2mniceni \u00een lumea minunat\u0103 a culorilor \u0219i emo\u021biilor. Expozitia de art\u0103 plastic\u0103 &#8222;Culoare \u0219i perspective&#8221;, semnat\u0103 de artistul Vitalie Butescu, a fost vernisat\u0103, ieri, la Muzeul Municipal &#8222;\u009dOctavian Mo\u0219escu&#8221;\u009d din R\u00e2mnicu S\u0103rat. <\/span><\/p>\n<p class=\"yiv9976641309ydpf2fb559fmsonormal\" style=\"background: white;\"><span lang=\"EN-US\" style=\"font-size: 18.0pt; color: #1d2228;\">\u00cen expozi\u021bia g\u0103zduit\u0103 de\u00c2\u00a0Muzeul Municipal se reg\u0103sesc lucr\u0103ri cu tematica Balcicului, dar \u0219i diferite construc\u021bii emblematice, at\u00e2t din \u021bar\u0103, c\u00e2t \u0219i din str\u0103in\u0103tate.<\/span><\/p>\n<p class=\"yiv9976641309ydpf2fb559fmsonormal\" style=\"background: white;\"><span lang=\"EN-US\" style=\"font-size: 18.0pt; color: #1d2228;\">Vitalie Butescu s-a declarat \u00eenc\u00e2ntat de re\u00eent\u00e2lnirea cu publicul r\u00e2mnicean \u0219i i-a invitat pe to\u021bi iubitorii de frumos la un moment special la Noaptea Muzeelor.\u00c2\u00a0\u00c2\u00a0<\/span><\/p>\n<p class=\"yiv9976641309ydpf2fb559fmsonormal\" style=\"background: white;\"><span lang=\"EN-US\" style=\"font-size: 18.0pt; color: #1d2228;\">Vitalie Butescu este un pictor cu o carier\u0103 artistic\u0103 impresionant\u0103. Artistul s-a n\u0103scut \u00een Republica Moldova, a urmat cursurile Colegiului de Arte Plastice &#8222;\u017eAlexandru Pl\u0103m\u0103deal\u0103&#8221;\u009d din Chi\u0219in\u0103u \u0219i a urmat Academia de Arte &#8222;\u017eIon Andreescu&#8221;\u009d din Cluj-Napoca. Pictorul \u0219i-a expus lucr\u0103rile at\u00e2t \u00een \u021bar\u0103, c\u00e2t \u0219i \u00een str\u0103in\u0103tate. \u00cen urm\u0103 cu doi ani, la ini\u021biativa Asocia\u021biei Culturale ,,Octavian Mo\u0219escu&#8221;\u009d, artistul a realizat 11 tablouri cu cl\u0103dirile emblematice ale R\u00e2mnicului, tablouri care au fost donate de c\u0103tre asocia\u021bie \u0219i comunit\u0103\u021bii locale. Picturile constituie o expozi\u021bie permanent\u0103 pe holurile Prim\u0103riei municipiului R\u00e2mnicu S\u0103rat.<\/span><\/p>\n","protected":false},"excerpt":{"rendered":"<p>O nou\u0103 expozi\u021bie de art\u0103 plastic\u0103 \u00eei \u00eenvit\u0103 pe r\u00e2mniceni \u00een lumea minunat\u0103 a culorilor \u0219i emo\u021biilor. Expozitia de art\u0103 plastic\u0103 &#8222;Culoare \u0219i perspective&#8221;, semnat\u0103 de artistul Vitalie Butescu, a fost vernisat\u0103, ieri, la Muzeul Municipal &#8222;\u009dOctavian Mo\u0219escu&#8221;\u009d din R\u00e2mnicu S\u0103rat. \u00cen expozi\u021bia g\u0103zduit\u0103 de\u00c2\u00a0Muzeul Municipal se reg\u0103sesc lucr\u0103ri cu tematica Balcicului, dar \u0219i diferite construc\u021bii emblematice, at\u00e2t din \u021bar\u0103, c\u00e2t \u0219i din str\u0103in\u0103tate. Vitalie Butescu s-a declarat \u00eenc\u00e2ntat de re\u00eent\u00e2lnirea cu publicul r\u00e2mnicean \u0219i i-a invitat pe to\u021bi iubitorii de frumos la un moment special la Noaptea Muzeelor.\u00c2\u00a0\u00c2\u00a0 Vitalie&hellip;<\/p>\n","protected":false},"author":4,"featured_media":19684,"comment_status":"closed","ping_status":"closed","sticky":false,"template":"","format":"standard","meta":{"footnotes":""},"categories":[165],"tags":[8078,615,7933,5709],"class_list":["post-22501","post","type-post","status-publish","format-standard","has-post-thumbnail","hentry","category-informatia-de-ramnic","tag-arta-plastica","tag-expozitie","tag-muzeu-mosescu","tag-vitalie-butescu"],"gutentor_comment":0,"_links":{"self":[{"href":"https:\/\/scurtpe2.ro\/index.php?rest_route=\/wp\/v2\/posts\/22501","targetHints":{"allow":["GET"]}}],"collection":[{"href":"https:\/\/scurtpe2.ro\/index.php?rest_route=\/wp\/v2\/posts"}],"about":[{"href":"https:\/\/scurtpe2.ro\/index.php?rest_route=\/wp\/v2\/types\/post"}],"author":[{"embeddable":true,"href":"https:\/\/scurtpe2.ro\/index.php?rest_route=\/wp\/v2\/users\/4"}],"replies":[{"embeddable":true,"href":"https:\/\/scurtpe2.ro\/index.php?rest_route=%2Fwp%2Fv2%2Fcomments&post=22501"}],"version-history":[{"count":1,"href":"https:\/\/scurtpe2.ro\/index.php?rest_route=\/wp\/v2\/posts\/22501\/revisions"}],"predecessor-version":[{"id":22502,"href":"https:\/\/scurtpe2.ro\/index.php?rest_route=\/wp\/v2\/posts\/22501\/revisions\/22502"}],"wp:featuredmedia":[{"embeddable":true,"href":"https:\/\/scurtpe2.ro\/index.php?rest_route=\/wp\/v2\/media\/19684"}],"wp:attachment":[{"href":"https:\/\/scurtpe2.ro\/index.php?rest_route=%2Fwp%2Fv2%2Fmedia&parent=22501"}],"wp:term":[{"taxonomy":"category","embeddable":true,"href":"https:\/\/scurtpe2.ro\/index.php?rest_route=%2Fwp%2Fv2%2Fcategories&post=22501"},{"taxonomy":"post_tag","embeddable":true,"href":"https:\/\/scurtpe2.ro\/index.php?rest_route=%2Fwp%2Fv2%2Ftags&post=22501"}],"curies":[{"name":"wp","href":"https:\/\/api.w.org\/{rel}","templated":true}]}}