{"id":22496,"date":"2025-05-07T17:50:05","date_gmt":"2025-05-07T14:50:05","guid":{"rendered":"https:\/\/scurtpe2.ro\/?p=22496"},"modified":"2025-05-08T17:51:16","modified_gmt":"2025-05-08T14:51:16","slug":"acuzatii-mentinute","status":"publish","type":"post","link":"https:\/\/scurtpe2.ro\/?p=22496","title":{"rendered":"ACUZA\u021aII MEN\u021aINUTE \u00c2\u00a0"},"content":{"rendered":"<p>Primarul PSD al Buz\u0103ului, Constantin Toma, cel care a lansat atacuri furibunde la adresa conducerii partidului, \u00een frunte cu fostul premier Marcel Ciolacu, c\u0103ruia i-a cerut demisia, nu renun\u021b\u0103 la acuza\u021bii. Edilul afirm\u0103 c\u0103 \u00ee\u0219i sus\u021bine, \u00een continuare, pozi\u021bia, \u0219i-i cere socoteal\u0103 lui Ciolacu, dar \u0219i celor din conducerea de la Bucure\u0219ti a partidului, pentru e\u0219ecul PSD de la alegerile preziden\u021biale din noiembrie 2024, dar \u0219i de la cele de duminic\u0103.<\/p>\n<p>Toma spune c\u0103 situa\u021bia, dup\u0103 alegerile preziden\u021biale de pe 18 mai, va fi cu mult mai grea dec\u00e2t p\u00e2n\u0103 acum pentru cet\u0103\u021beni, indiferent cine va fi ales noul \u0219ef al statului.<\/p>\n<p>Edilul mai declar\u0103 c\u0103 nu prea are ce s\u0103-\u0219i repro\u0219eze, \u00een ceea ce prive\u0219te rezultatul alegerilor \u00een municipiul Buz\u0103u, unde candidatul AUR, George Simion, a c\u00e2\u0219tigat deta\u0219at \u00een fa\u021ba lui Crin Antonescu, reprezentantul alian\u021bei PSD-PNL &#8222;\u201c UDMR, care s-a clasat abia al 4-lea.<\/p>\n<p>Constantin Toma nu \u0219tie \u00eenc\u0103 dac\u0103 declara\u021biile sale, f\u0103cute a doua zi dup\u0103 alegeri, \u00eei vor afecta statutul de lider al organiza\u021biei municipale a PSD Buz\u0103u.<\/p>\n<p>Luni diminea\u021b\u0103, Constantin Toma a identificat ca vinovat\u0103 de e\u0219ecul candidatului PSD-PNL-UDMR la pre\u0219edin\u021bie, Crin Antonescu, \u00eentreaga echip\u0103 de conducere na\u021bional\u0103 a PSD, \u00een frunte cu pre\u0219edintele Marcel Ciolacu.<\/p>\n","protected":false},"excerpt":{"rendered":"<p>Primarul PSD al Buz\u0103ului, Constantin Toma, cel care a lansat atacuri furibunde la adresa conducerii partidului, \u00een frunte cu fostul premier Marcel Ciolacu, c\u0103ruia i-a cerut demisia, nu renun\u021b\u0103 la acuza\u021bii. Edilul afirm\u0103 c\u0103 \u00ee\u0219i sus\u021bine, \u00een continuare, pozi\u021bia, \u0219i-i cere socoteal\u0103 lui Ciolacu, dar \u0219i celor din conducerea de la Bucure\u0219ti a partidului, pentru e\u0219ecul PSD de la alegerile preziden\u021biale din noiembrie 2024, dar \u0219i de la cele de duminic\u0103. Toma spune c\u0103 situa\u021bia, dup\u0103 alegerile preziden\u021biale de pe 18 mai, va fi cu mult mai grea dec\u00e2t p\u00e2n\u0103&hellip;<\/p>\n","protected":false},"author":4,"featured_media":19996,"comment_status":"closed","ping_status":"closed","sticky":false,"template":"","format":"standard","meta":{"footnotes":""},"categories":[168],"tags":[318,1231,1243,2733],"class_list":["post-22496","post","type-post","status-publish","format-standard","has-post-thumbnail","hentry","category-informatia-de-buzau","tag-constantin-toma","tag-marcel-ciolacu","tag-psd-buzau","tag-voturi"],"gutentor_comment":0,"_links":{"self":[{"href":"https:\/\/scurtpe2.ro\/index.php?rest_route=\/wp\/v2\/posts\/22496","targetHints":{"allow":["GET"]}}],"collection":[{"href":"https:\/\/scurtpe2.ro\/index.php?rest_route=\/wp\/v2\/posts"}],"about":[{"href":"https:\/\/scurtpe2.ro\/index.php?rest_route=\/wp\/v2\/types\/post"}],"author":[{"embeddable":true,"href":"https:\/\/scurtpe2.ro\/index.php?rest_route=\/wp\/v2\/users\/4"}],"replies":[{"embeddable":true,"href":"https:\/\/scurtpe2.ro\/index.php?rest_route=%2Fwp%2Fv2%2Fcomments&post=22496"}],"version-history":[{"count":1,"href":"https:\/\/scurtpe2.ro\/index.php?rest_route=\/wp\/v2\/posts\/22496\/revisions"}],"predecessor-version":[{"id":22497,"href":"https:\/\/scurtpe2.ro\/index.php?rest_route=\/wp\/v2\/posts\/22496\/revisions\/22497"}],"wp:featuredmedia":[{"embeddable":true,"href":"https:\/\/scurtpe2.ro\/index.php?rest_route=\/wp\/v2\/media\/19996"}],"wp:attachment":[{"href":"https:\/\/scurtpe2.ro\/index.php?rest_route=%2Fwp%2Fv2%2Fmedia&parent=22496"}],"wp:term":[{"taxonomy":"category","embeddable":true,"href":"https:\/\/scurtpe2.ro\/index.php?rest_route=%2Fwp%2Fv2%2Fcategories&post=22496"},{"taxonomy":"post_tag","embeddable":true,"href":"https:\/\/scurtpe2.ro\/index.php?rest_route=%2Fwp%2Fv2%2Ftags&post=22496"}],"curies":[{"name":"wp","href":"https:\/\/api.w.org\/{rel}","templated":true}]}}