{"id":22488,"date":"2025-05-07T10:42:28","date_gmt":"2025-05-07T07:42:28","guid":{"rendered":"https:\/\/scurtpe2.ro\/?p=22488"},"modified":"2025-05-07T10:42:28","modified_gmt":"2025-05-07T07:42:28","slug":"zilele-marghiloman","status":"publish","type":"post","link":"https:\/\/scurtpe2.ro\/?p=22488","title":{"rendered":"Zilele Marghiloman"},"content":{"rendered":"<p><strong>Comunicat de pres\u0103<\/strong><\/p>\n<p>La \u00eemplinirea a 100 de ani de la trecerea \u00een eternitate a omului de stat Alexandru Marghiloman, Prim\u0103ria Municipiului Buz\u0103u \u0219i Centrul Cultural \u0219i Educa\u021bional &#8222;\u017eAlexandru Marghiloman&#8221;\u009d, organizeaz\u0103, \u00een perioada 9&#8243;\u201c10 mai 2025, cea de-a VIII-a edi\u021bie a Zilelor Alexandru Marghiloman, o manifestare cultural-\u0219tiin\u021bific\u0103 devenit\u0103 tradi\u021bie \u0219i g\u0103zduit\u0103 alternativ de ora\u0219ele Buz\u0103u \u0219i Chi\u0219in\u0103u.<\/p>\n<p><a href=\"https:\/\/scurtpe2.ro\/?attachment_id=22491\" rel=\"attachment wp-att-22491\"><img loading=\"lazy\" decoding=\"async\" class=\"alignnone size-medium wp-image-22491\" src=\"https:\/\/scurtpe2.ro\/wp-content\/uploads\/2025\/05\/SM_In_Memoriam_Alexandru_Marghiloman-1080x1080px_3-660x365.jpg\" alt=\"\" width=\"660\" height=\"365\" \/><\/a><\/p>\n<p>Edi\u021bia din acest an reune\u0219te un amplu parteneriat institu\u021bional, din care fac parte Academia de \u0218tiin\u021be a Moldovei, Academia Oamenilor de \u0218tiin\u021b\u0103 din Rom\u00e2nia, Asocia\u021bia Istoricilor din Republica Moldova &#8222;\u017eAlexandru Mo\u0219anu&#8221;\u009d, Funda\u021bia pentru Cercet\u0103ri Multidisciplinare \u0219i revista Dialogica. Sub tema &#8222;\u017eIn memoriam Alexandru Marghiloman&#8221;\u009d, programul propus ofer\u0103 un cadru de reflec\u021bie asupra personalit\u0103\u021bii \u0219i mo\u0219tenirii politice, diplomatice \u0219i culturale l\u0103sate de una dintre cele mai importante figuri ale istoriei rom\u00e2ne\u0219ti moderne.<\/p>\n<p>Pe parcursul a dou\u0103 zile, la Vila Albatros, buzoienii vor putea lua parte la lans\u0103ri editoriale, sesiuni de comunic\u0103ri \u0219tiin\u021bifice, momente artistice \u0219i o ceremonie comemorativ\u0103 de \u00eenalt\u0103 \u021binut\u0103.<\/p>\n<p>Manifest\u0103rile vor debuta vineri, 9 mai 2025, la ora 10:00, cu deschiderea oficial\u0103 a sesiunii \u0219tiin\u021bifice, \u00een prezen\u021ba unor personalit\u0103\u021bi academice, reprezentan\u021bi ai administra\u021biei locale \u0219i membri ai familiei Marghiloman. Momentul inaugural va include intonarea imnurilor de stat ale Rom\u00e2niei \u0219i Republicii Moldova, interpretate de solista Anemona Laz\u0103r, urmat\u0103 de mesaje de salut din partea organizatorilor \u0219i a invita\u021bilor de onoare: Dr. hab. Liliana Condraticova, Prof. univ. dr. Jipa Rotaru, Irina Vl\u0103duca-Marghiloman \u0219i primarul Constantin Toma.<\/p>\n<p>De la ora 10:30, va fi lansat un proiect editorial remarcabil: cinci volume care reunesc &#8222;\u017eDiscursurile (1885&#8243;\u201c1924)&#8221;\u009d ale lui Alexandru Marghiloman, tip\u0103rite cu sprijinul Prim\u0103riei Buz\u0103u, al\u0103turi de cel mai nou num\u0103r al revistei Dialogica, dedicat Unirii Basarabiei cu Rom\u00e2nia \u0219i rolului jucat de Marghiloman \u00een acest act istoric.<\/p>\n<p>Tot vineri, \u00eencep\u00e2nd cu ora 15.00 vor avea loc interven\u021biile cercet\u0103torilor invita\u021bi, din Rom\u00e2nia \u0219i Republica Moldova (Prof. Jipa Rotaru, Dr. Liliana Condraticova, Dr. Ion Valer Xenofontov, Conf. dr. Lidia Prisac, Prof. dr. Gheorghe Calcan, Gl. bg. (r) Dr. Mircea T\u0103nase Conf. dr. Constantin Stan, Dr. Marius Nicoar\u0103, Dr. Daniel Niculae, Dr. Lumini\u021ba \u0219i Dr. Teodora Giurgiu) \u00een cadrul unei sesiuni care va aborda teme variate: de la activitatea diplomatic\u0103 \u0219i parlamentar\u0103 a lui Marghiloman, la rela\u021biile sale cu Biserica, presa \u0219i elita politic\u0103 a epocii.<\/p>\n<p>Ziua se va \u00eencheia printr-un concert sus\u021binut de Corul &#8222;\u017eLyra&#8221;\u009d, un moment muzical dedicat memoriei marelui buzoian.<\/p>\n<p>S\u00e2mb\u0103t\u0103, 10 mai, lucr\u0103rile \u0219tiin\u021bifice, moderate de prof. univ. dr. Gheorghe Calcan \u0219i prof. dr. Viorel Gheorghe, vor continua cu interven\u021biile sus\u021binute de col. (r) dr. Dan Prisacaru, prof. dr. Viorel Gheorghe, prof. dr. Elena Gheorghe, prof. Constantin Coman, pr. drd. Constantin Neagu, pr. drd. Gheorghe Neagu \u0219i col. (r) Drago\u0219 Axinia, pe teme, precum: interven\u021bia armatei rom\u00e2ne \u00een Basarabia, contextul politic al guvern\u0103rii conservatoare \u0219i percep\u021biile publice ale contemporanilor asupra lui Marghiloman.<\/p>\n<p>\u00cencep\u00e2nd cu ora 13:30, va avea loc ceremonialul militar \u0219i religios &#8222;\u017eIn memoriam Alexandru Marghiloman&#8221;\u009d, \u00een prezen\u021ba oficialit\u0103\u021bilor, a familiei \u0219i a buzoienilor care sunt a\u0219tepta\u021bi s\u0103 ia parte la acest eveniment. Statuia care vegheaz\u0103 ast\u0103zi locul fostei sale re\u0219edin\u021be va deveni punctul central al recuno\u0219tin\u021bei \u0219i memoriei colective.<\/p>\n<p><a href=\"https:\/\/scurtpe2.ro\/?attachment_id=22490\" rel=\"attachment wp-att-22490\"><img loading=\"lazy\" decoding=\"async\" class=\"alignnone size-medium wp-image-22490\" src=\"https:\/\/scurtpe2.ro\/wp-content\/uploads\/2025\/05\/WhatsApp-Image-2025-05-06-at-09.19.13-660x365.jpeg\" alt=\"\" width=\"660\" height=\"365\" \/><\/a><\/p>\n<p>Toate contribu\u021biile \u0219tiin\u021bifice sus\u021binute \u00een cadrul acestor zile vor fi reunite \u00eentr-un volum comemorativ, precum \u0219i \u00eentr-un num\u0103r special al revistei Dialogica, asigur\u00e2nd astfel conservarea \u0219i valorificarea academic\u0103 a acestei bogate \u00eent\u00e2lniri de idei.<\/p>\n<p>Prin aceast\u0103 edi\u021bie aniversar\u0103, Buz\u0103ul reafirm\u0103 leg\u0103tura sa profund\u0103 cu Alexandru Marghiloman \u0219i \u00ee\u0219i asum\u0103, \u00eenc\u0103 o dat\u0103, rolul de p\u0103str\u0103tor al unei mo\u0219teniri de nepre\u021buit &#8222;\u201c mo\u0219tenirea unui patriot, diplomat \u0219i om de cultur\u0103 care a marcat destinul Rom\u00e2niei.<\/p>\n","protected":false},"excerpt":{"rendered":"<p>Comunicat de pres\u0103 La \u00eemplinirea a 100 de ani de la trecerea \u00een eternitate a omului de stat Alexandru Marghiloman, Prim\u0103ria Municipiului Buz\u0103u \u0219i Centrul Cultural \u0219i Educa\u021bional &#8222;\u017eAlexandru Marghiloman&#8221;\u009d, organizeaz\u0103, \u00een perioada 9&#8243;\u201c10 mai 2025, cea de-a VIII-a edi\u021bie a Zilelor Alexandru Marghiloman, o manifestare cultural-\u0219tiin\u021bific\u0103 devenit\u0103 tradi\u021bie \u0219i g\u0103zduit\u0103 alternativ de ora\u0219ele Buz\u0103u \u0219i Chi\u0219in\u0103u. Edi\u021bia din acest an reune\u0219te un amplu parteneriat institu\u021bional, din care fac parte Academia de \u0218tiin\u021be a Moldovei, Academia Oamenilor de \u0218tiin\u021b\u0103 din Rom\u00e2nia, Asocia\u021bia Istoricilor din Republica Moldova &#8222;\u017eAlexandru Mo\u0219anu&#8221;\u009d, Funda\u021bia pentru&hellip;<\/p>\n","protected":false},"author":4,"featured_media":22489,"comment_status":"closed","ping_status":"closed","sticky":false,"template":"","format":"standard","meta":{"footnotes":""},"categories":[157],"tags":[],"class_list":["post-22488","post","type-post","status-publish","format-standard","has-post-thumbnail","hentry","category-comunicare-primaria-buzau"],"gutentor_comment":0,"_links":{"self":[{"href":"https:\/\/scurtpe2.ro\/index.php?rest_route=\/wp\/v2\/posts\/22488","targetHints":{"allow":["GET"]}}],"collection":[{"href":"https:\/\/scurtpe2.ro\/index.php?rest_route=\/wp\/v2\/posts"}],"about":[{"href":"https:\/\/scurtpe2.ro\/index.php?rest_route=\/wp\/v2\/types\/post"}],"author":[{"embeddable":true,"href":"https:\/\/scurtpe2.ro\/index.php?rest_route=\/wp\/v2\/users\/4"}],"replies":[{"embeddable":true,"href":"https:\/\/scurtpe2.ro\/index.php?rest_route=%2Fwp%2Fv2%2Fcomments&post=22488"}],"version-history":[{"count":1,"href":"https:\/\/scurtpe2.ro\/index.php?rest_route=\/wp\/v2\/posts\/22488\/revisions"}],"predecessor-version":[{"id":22492,"href":"https:\/\/scurtpe2.ro\/index.php?rest_route=\/wp\/v2\/posts\/22488\/revisions\/22492"}],"wp:featuredmedia":[{"embeddable":true,"href":"https:\/\/scurtpe2.ro\/index.php?rest_route=\/wp\/v2\/media\/22489"}],"wp:attachment":[{"href":"https:\/\/scurtpe2.ro\/index.php?rest_route=%2Fwp%2Fv2%2Fmedia&parent=22488"}],"wp:term":[{"taxonomy":"category","embeddable":true,"href":"https:\/\/scurtpe2.ro\/index.php?rest_route=%2Fwp%2Fv2%2Fcategories&post=22488"},{"taxonomy":"post_tag","embeddable":true,"href":"https:\/\/scurtpe2.ro\/index.php?rest_route=%2Fwp%2Fv2%2Ftags&post=22488"}],"curies":[{"name":"wp","href":"https:\/\/api.w.org\/{rel}","templated":true}]}}