{"id":22485,"date":"2025-05-06T18:17:10","date_gmt":"2025-05-06T15:17:10","guid":{"rendered":"https:\/\/scurtpe2.ro\/?p=22485"},"modified":"2025-05-06T18:17:10","modified_gmt":"2025-05-06T15:17:10","slug":"trebuie-reforma-in-partid","status":"publish","type":"post","link":"https:\/\/scurtpe2.ro\/?p=22485","title":{"rendered":"TREBUIE REFORM\u0102 \u00ceN PARTID"},"content":{"rendered":"<p>Deputatul Romeo Lungu, creditat cu cele mai\u00c2\u00a0 mari \u0219anse pentru a prelua conducerea organiza\u021biei jude\u021bene a PSD Buz\u0103u, dup\u0103 plecarea lui Lucian Roma\u0219canu la Curtea European\u0103 de Conturi, consider\u0103 c\u0103 PSD Buz\u0103u trebuie s\u0103 se reformeze din temelii. Declara\u021bia social-democratului vine \u00een contextul rezultatului extrem de slab ob\u021binut \u00een jude\u021bul Buz\u0103u, \u00een primul tur al alegerilor preziden\u021biale, de Crin Antonescu, candidatul sprijinit de PSD. Romeo Lungu afirm\u0103 c\u0103 preferin\u021bele aleg\u0103torilor au ar\u0103tat c\u0103 oamenii vor altceva de la partide: comunicare, empatie \u0219i oameni corec\u021bi. Parlamentarul buzoian transmite \u0219i un mesaj clar: PSD Buz\u0103u are nevoie de o conducere nou\u0103, de tineri competen\u021bi, de o adev\u0103rat\u0103 echip\u0103, pentru a putea trece peste acest e\u0219ec \u0219i a rec\u00e2\u0219tiga \u00eencrederea electoratului.<\/p>\n<p>De asemenea, Romeo Lungu are \u0219i un mesaj c\u0103tre colegii s\u0103i social democra\u021bi, dup\u0103 e\u0219ecul de la preziden\u021biale. El le cere acestora s\u0103 fie uni\u021bi \u0219i nu s\u0103 &#8222;\u0153arunce cu piatra&#8221;\u009d.<\/p>\n<p>&nbsp;<\/p>\n<p>&nbsp;<\/p>\n","protected":false},"excerpt":{"rendered":"<p>Deputatul Romeo Lungu, creditat cu cele mai\u00c2\u00a0 mari \u0219anse pentru a prelua conducerea organiza\u021biei jude\u021bene a PSD Buz\u0103u, dup\u0103 plecarea lui Lucian Roma\u0219canu la Curtea European\u0103 de Conturi, consider\u0103 c\u0103 PSD Buz\u0103u trebuie s\u0103 se reformeze din temelii. Declara\u021bia social-democratului vine \u00een contextul rezultatului extrem de slab ob\u021binut \u00een jude\u021bul Buz\u0103u, \u00een primul tur al alegerilor preziden\u021biale, de Crin Antonescu, candidatul sprijinit de PSD. Romeo Lungu afirm\u0103 c\u0103 preferin\u021bele aleg\u0103torilor au ar\u0103tat c\u0103 oamenii vor altceva de la partide: comunicare, empatie \u0219i oameni corec\u021bi. Parlamentarul buzoian transmite \u0219i un mesaj&hellip;<\/p>\n","protected":false},"author":4,"featured_media":22486,"comment_status":"closed","ping_status":"closed","sticky":false,"template":"","format":"standard","meta":{"footnotes":""},"categories":[168],"tags":[7481,1243,8076],"class_list":["post-22485","post","type-post","status-publish","format-standard","has-post-thumbnail","hentry","category-informatia-de-buzau","tag-alegeri-prezidentiale","tag-psd-buzau","tag-romeo-lungu"],"gutentor_comment":0,"_links":{"self":[{"href":"https:\/\/scurtpe2.ro\/index.php?rest_route=\/wp\/v2\/posts\/22485","targetHints":{"allow":["GET"]}}],"collection":[{"href":"https:\/\/scurtpe2.ro\/index.php?rest_route=\/wp\/v2\/posts"}],"about":[{"href":"https:\/\/scurtpe2.ro\/index.php?rest_route=\/wp\/v2\/types\/post"}],"author":[{"embeddable":true,"href":"https:\/\/scurtpe2.ro\/index.php?rest_route=\/wp\/v2\/users\/4"}],"replies":[{"embeddable":true,"href":"https:\/\/scurtpe2.ro\/index.php?rest_route=%2Fwp%2Fv2%2Fcomments&post=22485"}],"version-history":[{"count":1,"href":"https:\/\/scurtpe2.ro\/index.php?rest_route=\/wp\/v2\/posts\/22485\/revisions"}],"predecessor-version":[{"id":22487,"href":"https:\/\/scurtpe2.ro\/index.php?rest_route=\/wp\/v2\/posts\/22485\/revisions\/22487"}],"wp:featuredmedia":[{"embeddable":true,"href":"https:\/\/scurtpe2.ro\/index.php?rest_route=\/wp\/v2\/media\/22486"}],"wp:attachment":[{"href":"https:\/\/scurtpe2.ro\/index.php?rest_route=%2Fwp%2Fv2%2Fmedia&parent=22485"}],"wp:term":[{"taxonomy":"category","embeddable":true,"href":"https:\/\/scurtpe2.ro\/index.php?rest_route=%2Fwp%2Fv2%2Fcategories&post=22485"},{"taxonomy":"post_tag","embeddable":true,"href":"https:\/\/scurtpe2.ro\/index.php?rest_route=%2Fwp%2Fv2%2Ftags&post=22485"}],"curies":[{"name":"wp","href":"https:\/\/api.w.org\/{rel}","templated":true}]}}