{"id":22483,"date":"2025-05-06T18:13:35","date_gmt":"2025-05-06T15:13:35","guid":{"rendered":"https:\/\/scurtpe2.ro\/?p=22483"},"modified":"2025-05-06T18:13:35","modified_gmt":"2025-05-06T15:13:35","slug":"un-nou-proiect-educational","status":"publish","type":"post","link":"https:\/\/scurtpe2.ro\/?p=22483","title":{"rendered":"UN NOU PROIECT EDUCA\u021aIONAL"},"content":{"rendered":"<p>Un nou proiect educa\u021bional va fi implementat la R\u00e2mnicu S\u0103rat. Este vorba despre proiectul &#8222;\u0153POLI Educa\u021bie &#8222;\u201cO \u0219ans\u0103 pentru fiecare&#8221;\u009d, cofinan\u021bat prin Fondul Social European -Programul Educatie \u0219i Ocupare. Proiectul va fi implementat \u00een comun cu liderul partener, Universitatea Na\u021bional\u0103 de \u0218tiin\u021b\u0103 \u0219i Tehnologie Politehnic\u0103 Bucure\u0219ti \u0219i mai mul\u021bi parteneri: Liceul Tehnologic &#8222;\u0153Alexandru Ioan Cuza&#8221;\u009d din municipiul Buz\u0103u, Liceul Teoretic &#8222;\u0153\u0218tefan cel Mare&#8221;\u009d din municipiul R\u00e2mnicu S\u0103rat, Liceul Tehnologic &#8222;\u0153Radu Negru&#8221;\u009d din Gala\u021bi \u0219i Funda\u021bia Roma Education Fund Romania, Bucure\u0219ti. Proiectul, aprobat recent de c\u0103tre Consiliul Local Municipal Rm. S\u0103rat, \u00ee\u0219i propune s\u0103 previn\u0103 p\u0103r\u0103sirea timpurie a \u0219colii \u0219i s\u0103 creasc\u0103 accesul \u0219i participarea grupurilor dezavantajate la educa\u021bie.<\/p>\n<p>Printre obiectivele proiectului se num\u0103r\u0103 promovarea accesului egal la educa\u021bie \u0219i formare de calitate \u0219i favorabile incluziunii, precum \u0219i a absolvirii acestora, \u00een special pentru grupurile defavorizate, \u00eencep\u00e2nd de la educa\u021bia \u0219i \u00eengrijirea timpurie, continu\u00e2nd cu educa\u021bia \u0219i formarea general\u0103 \u0219i profesional\u0103 p\u00e2n\u0103 la \u00eenv\u0103\u021b\u0103m\u00e2ntul ter\u021biar, precum \u0219i educa\u021bia \u0219i \u00eenv\u0103\u021barea \u00een r\u00e2ndul adul\u021bilor, inclusiv prin facilitarea mobilit\u0103\u021bii \u00een scopul \u00eenv\u0103\u021b\u0103rii pentru to\u021bi \u0219i a accesibilit\u0103\u021bii pentru persoanele cu dizabilit\u0103\u021bi.<\/p>\n","protected":false},"excerpt":{"rendered":"<p>Un nou proiect educa\u021bional va fi implementat la R\u00e2mnicu S\u0103rat. Este vorba despre proiectul &#8222;\u0153POLI Educa\u021bie &#8222;\u201cO \u0219ans\u0103 pentru fiecare&#8221;\u009d, cofinan\u021bat prin Fondul Social European -Programul Educatie \u0219i Ocupare. Proiectul va fi implementat \u00een comun cu liderul partener, Universitatea Na\u021bional\u0103 de \u0218tiin\u021b\u0103 \u0219i Tehnologie Politehnic\u0103 Bucure\u0219ti \u0219i mai mul\u021bi parteneri: Liceul Tehnologic &#8222;\u0153Alexandru Ioan Cuza&#8221;\u009d din municipiul Buz\u0103u, Liceul Teoretic &#8222;\u0153\u0218tefan cel Mare&#8221;\u009d din municipiul R\u00e2mnicu S\u0103rat, Liceul Tehnologic &#8222;\u0153Radu Negru&#8221;\u009d din Gala\u021bi \u0219i Funda\u021bia Roma Education Fund Romania, Bucure\u0219ti. Proiectul, aprobat recent de c\u0103tre Consiliul Local Municipal Rm. S\u0103rat,&hellip;<\/p>\n","protected":false},"author":4,"featured_media":15697,"comment_status":"closed","ping_status":"closed","sticky":false,"template":"","format":"standard","meta":{"footnotes":""},"categories":[165],"tags":[2800,7053,8075,5112,1369],"class_list":["post-22483","post","type-post","status-publish","format-standard","has-post-thumbnail","hentry","category-informatia-de-ramnic","tag-educatie","tag-incluziune","tag-polieducatie","tag-politehnica","tag-proiect"],"gutentor_comment":0,"_links":{"self":[{"href":"https:\/\/scurtpe2.ro\/index.php?rest_route=\/wp\/v2\/posts\/22483","targetHints":{"allow":["GET"]}}],"collection":[{"href":"https:\/\/scurtpe2.ro\/index.php?rest_route=\/wp\/v2\/posts"}],"about":[{"href":"https:\/\/scurtpe2.ro\/index.php?rest_route=\/wp\/v2\/types\/post"}],"author":[{"embeddable":true,"href":"https:\/\/scurtpe2.ro\/index.php?rest_route=\/wp\/v2\/users\/4"}],"replies":[{"embeddable":true,"href":"https:\/\/scurtpe2.ro\/index.php?rest_route=%2Fwp%2Fv2%2Fcomments&post=22483"}],"version-history":[{"count":1,"href":"https:\/\/scurtpe2.ro\/index.php?rest_route=\/wp\/v2\/posts\/22483\/revisions"}],"predecessor-version":[{"id":22484,"href":"https:\/\/scurtpe2.ro\/index.php?rest_route=\/wp\/v2\/posts\/22483\/revisions\/22484"}],"wp:featuredmedia":[{"embeddable":true,"href":"https:\/\/scurtpe2.ro\/index.php?rest_route=\/wp\/v2\/media\/15697"}],"wp:attachment":[{"href":"https:\/\/scurtpe2.ro\/index.php?rest_route=%2Fwp%2Fv2%2Fmedia&parent=22483"}],"wp:term":[{"taxonomy":"category","embeddable":true,"href":"https:\/\/scurtpe2.ro\/index.php?rest_route=%2Fwp%2Fv2%2Fcategories&post=22483"},{"taxonomy":"post_tag","embeddable":true,"href":"https:\/\/scurtpe2.ro\/index.php?rest_route=%2Fwp%2Fv2%2Ftags&post=22483"}],"curies":[{"name":"wp","href":"https:\/\/api.w.org\/{rel}","templated":true}]}}