{"id":22471,"date":"2025-05-05T18:14:27","date_gmt":"2025-05-05T15:14:27","guid":{"rendered":"https:\/\/scurtpe2.ro\/?p=22471"},"modified":"2025-05-06T12:17:52","modified_gmt":"2025-05-06T09:17:52","slug":"psd-buzau-esec-anticipat-si-resemnat","status":"publish","type":"post","link":"https:\/\/scurtpe2.ro\/?p=22471","title":{"rendered":"PSD BUZ\u0102U, E\u0218EC ANTICIPAT \u0218I RESEMNAT \u00c2\u00a0\u00c2\u00a0"},"content":{"rendered":"<p>Resemnare&#8230; Aceasta a fost reac\u021bia social-democra\u021bilor buzoieni, la aflarea primului exit-poll, dup\u0103 \u00eenchiderea urnelor. Pre\u0219edintele organiza\u021biei jude\u021bene a PSD Buz\u0103u, Lucian Roma\u0219canu, a declarat c\u0103 votul de duminic\u0103 arat\u0103 clar \u00c2\u00a0r\u0103zvr\u0103tirea societ\u0103\u021bii fa\u021b\u0103 de clasa politic\u0103, situa\u021bie similar\u0103 cu ceea ce s-a \u00eent\u00e2mplat \u00een anii `90.<\/p>\n<p>Roma\u0219canu recunoa\u0219te c\u0103 este un rezultat pe care nu \u0219i l-a dorit. El \u00eel critic\u0103 pe George Simion, afirm\u00e2nd c\u0103 acesta nu are preg\u0103tirea necesar\u0103 sau un plan pentru Rom\u00e2nia, ci se bazeaz\u0103 pe scandaluri \u0219i conflicte.<\/p>\n<p>V\u0103dit afectat de e\u0219ecul de duminic\u0103, Constantin Toma, pre\u0219edintele organiza\u021biei municipale a PSD Buz\u0103u, a eviden\u021biat c\u0103 votul de duminic\u0103 atest\u0103 dorin\u021ba de schimbare a cet\u0103\u021benilor. Primarul Buz\u0103ului a ad\u0103ugat c\u0103 \u00een societate s-au acumulat multe frustr\u0103ri \u0219i c\u0103, indiferent cine va fi la putere, va trebui s\u0103 se ridice la nivelul acestor a\u0219tept\u0103ri.<\/p>\n<p>Toma atrage aten\u021bia c\u0103 votul de duminic\u0103 este rezultatul multiplelor gre\u0219eli care s-au f\u0103cut de-a lungul timpului.<\/p>\n<p>Pe de alt\u0103 parte, deputatul PSD, Romeo Lungu, a atras aten\u021bia asupra absenteismului tinerilor la vot, ceea ce a ar\u0103tat lipsa de \u00eencredere a acestora \u00een clasa politic\u0103.<\/p>\n<p>Ast\u0103zi, a doua zi dup\u0103 alegerile preziden\u021biale, Constantin Toma a cerut demisia conducerii PSD \u00een frunte cu Marcel Ciolacu, ca urmare a e\u0219ecurilor repetate de la alegerile preziden\u021biale din 2024 \u0219i 2025. El a sugerat c\u0103 partidul trebuie s\u0103 se reformeze, a\u0219a cum a f\u0103cut PNL \u0219i c\u0103 trebuie organizate alegeri pentru stabilirea unei noi conduceri. Reamintim c\u0103 \u00een jude\u021bul Buz\u0103u, \u00c2\u00a0fieful lui Marcel Ciolacu, George Simion a c\u00e2\u0219tigat deta\u0219at alegerile, cu 41,18%, fiind urmat de Crin Antonescu cu 22,46%.<\/p>\n","protected":false},"excerpt":{"rendered":"<p>Resemnare&#8230; Aceasta a fost reac\u021bia social-democra\u021bilor buzoieni, la aflarea primului exit-poll, dup\u0103 \u00eenchiderea urnelor. Pre\u0219edintele organiza\u021biei jude\u021bene a PSD Buz\u0103u, Lucian Roma\u0219canu, a declarat c\u0103 votul de duminic\u0103 arat\u0103 clar \u00c2\u00a0r\u0103zvr\u0103tirea societ\u0103\u021bii fa\u021b\u0103 de clasa politic\u0103, situa\u021bie similar\u0103 cu ceea ce s-a \u00eent\u00e2mplat \u00een anii `90. Roma\u0219canu recunoa\u0219te c\u0103 este un rezultat pe care nu \u0219i l-a dorit. El \u00eel critic\u0103 pe George Simion, afirm\u00e2nd c\u0103 acesta nu are preg\u0103tirea necesar\u0103 sau un plan pentru Rom\u00e2nia, ci se bazeaz\u0103 pe scandaluri \u0219i conflicte. V\u0103dit afectat de e\u0219ecul de duminic\u0103, Constantin&hellip;<\/p>\n","protected":false},"author":4,"featured_media":22472,"comment_status":"closed","ping_status":"closed","sticky":false,"template":"","format":"standard","meta":{"footnotes":""},"categories":[8065,168],"tags":[8071,318,1243,8072],"class_list":["post-22471","post","type-post","status-publish","format-standard","has-post-thumbnail","hentry","category-alegeri-prezidentiale-2025","category-informatia-de-buzau","tag-alegeri-pierdute","tag-constantin-toma","tag-psd-buzau","tag-resemnare"],"gutentor_comment":0,"_links":{"self":[{"href":"https:\/\/scurtpe2.ro\/index.php?rest_route=\/wp\/v2\/posts\/22471","targetHints":{"allow":["GET"]}}],"collection":[{"href":"https:\/\/scurtpe2.ro\/index.php?rest_route=\/wp\/v2\/posts"}],"about":[{"href":"https:\/\/scurtpe2.ro\/index.php?rest_route=\/wp\/v2\/types\/post"}],"author":[{"embeddable":true,"href":"https:\/\/scurtpe2.ro\/index.php?rest_route=\/wp\/v2\/users\/4"}],"replies":[{"embeddable":true,"href":"https:\/\/scurtpe2.ro\/index.php?rest_route=%2Fwp%2Fv2%2Fcomments&post=22471"}],"version-history":[{"count":1,"href":"https:\/\/scurtpe2.ro\/index.php?rest_route=\/wp\/v2\/posts\/22471\/revisions"}],"predecessor-version":[{"id":22473,"href":"https:\/\/scurtpe2.ro\/index.php?rest_route=\/wp\/v2\/posts\/22471\/revisions\/22473"}],"wp:featuredmedia":[{"embeddable":true,"href":"https:\/\/scurtpe2.ro\/index.php?rest_route=\/wp\/v2\/media\/22472"}],"wp:attachment":[{"href":"https:\/\/scurtpe2.ro\/index.php?rest_route=%2Fwp%2Fv2%2Fmedia&parent=22471"}],"wp:term":[{"taxonomy":"category","embeddable":true,"href":"https:\/\/scurtpe2.ro\/index.php?rest_route=%2Fwp%2Fv2%2Fcategories&post=22471"},{"taxonomy":"post_tag","embeddable":true,"href":"https:\/\/scurtpe2.ro\/index.php?rest_route=%2Fwp%2Fv2%2Ftags&post=22471"}],"curies":[{"name":"wp","href":"https:\/\/api.w.org\/{rel}","templated":true}]}}