{"id":22468,"date":"2025-05-05T17:11:35","date_gmt":"2025-05-05T14:11:35","guid":{"rendered":"https:\/\/scurtpe2.ro\/?p=22468"},"modified":"2025-05-06T12:13:41","modified_gmt":"2025-05-06T09:13:41","slug":"prezenta-mai-buna-la-ramnicu-sarat","status":"publish","type":"post","link":"https:\/\/scurtpe2.ro\/?p=22468","title":{"rendered":"PREZEN\u021a\u0102 MAI BUN\u0102 LA R\u00c3\u201aMNICU S\u0102RAT"},"content":{"rendered":"<p class=\"yiv9918038740ydp3e5dfaa5msonormal\" style=\"background: white;\"><span lang=\"EN-US\" style=\"font-size: 18.0pt; color: #1d2228;\">46,70 % dintre aleg\u0103torii cu drept de vot din municipiul Rm. S\u0103rat s-au prezentat, ieri, pentru a vota pre\u0219edintele \u00een cadrul primului tur al alegerilor preziden\u021biale. <\/span><\/p>\n<p class=\"yiv9918038740ydp3e5dfaa5msonormal\" style=\"background: white;\"><span lang=\"EN-US\" style=\"font-size: 18.0pt; color: #1d2228;\">La nivelul municipiului, au fost deschise 21 de sec\u021bii de votare, iar pe listele permanente au fost \u00eenscri\u0219i 30.808 r\u00e2mniceni. Dintre ace\u0219tia, 13.289 au votat pe listele permanente. Pe listele suplimentare, \u0219i-au exercitat dreptul constitu\u021bional 981 de cet\u0103\u021beni, iar al\u021bi 118 au solicitat urna mobil\u0103.\u00c2\u00a0Potrivit autorit\u0103\u021bilor din R\u00e2mnicu S\u0103rat, \u00een municipiu nu au fost \u00eenregistrate incidente \u00een acest tur de scrutin. <\/span><\/p>\n<p class=\"yiv9918038740ydp3e5dfaa5msonormal\" style=\"background: white;\"><span lang=\"EN-US\" style=\"font-size: 18.0pt; color: #1d2228;\">Potrivit statisticilor, ieri, r\u00e2mnicenii au ie\u0219it la vot \u00een num\u0103r ceva mai mare comparativ cu\u00c2\u00a0primul tur al alegerilor preziden\u021biale din noiembrie 2024, c\u00e2nd \u00een municipiul R\u00e2mnicu S\u0103rat, s-a \u00eenregistrat o prezen\u021b\u0103 la urne de 45,56 %.\u00c2\u00a0<\/span><\/p>\n","protected":false},"excerpt":{"rendered":"<p>46,70 % dintre aleg\u0103torii cu drept de vot din municipiul Rm. S\u0103rat s-au prezentat, ieri, pentru a vota pre\u0219edintele \u00een cadrul primului tur al alegerilor preziden\u021biale. La nivelul municipiului, au fost deschise 21 de sec\u021bii de votare, iar pe listele permanente au fost \u00eenscri\u0219i 30.808 r\u00e2mniceni. Dintre ace\u0219tia, 13.289 au votat pe listele permanente. Pe listele suplimentare, \u0219i-au exercitat dreptul constitu\u021bional 981 de cet\u0103\u021beni, iar al\u021bi 118 au solicitat urna mobil\u0103.\u00c2\u00a0Potrivit autorit\u0103\u021bilor din R\u00e2mnicu S\u0103rat, \u00een municipiu nu au fost \u00eenregistrate incidente \u00een acest tur de scrutin. Potrivit statisticilor, ieri,&hellip;<\/p>\n","protected":false},"author":4,"featured_media":22469,"comment_status":"closed","ping_status":"closed","sticky":false,"template":"","format":"standard","meta":{"footnotes":""},"categories":[8065,165],"tags":[8070,8069,778,2710],"class_list":["post-22468","post","type-post","status-publish","format-standard","has-post-thumbnail","hentry","category-alegeri-prezidentiale-2025","category-informatia-de-ramnic","tag-prezenta-buna","tag-prezidentiale-2025","tag-ramniceni","tag-urna-mobila"],"gutentor_comment":0,"_links":{"self":[{"href":"https:\/\/scurtpe2.ro\/index.php?rest_route=\/wp\/v2\/posts\/22468","targetHints":{"allow":["GET"]}}],"collection":[{"href":"https:\/\/scurtpe2.ro\/index.php?rest_route=\/wp\/v2\/posts"}],"about":[{"href":"https:\/\/scurtpe2.ro\/index.php?rest_route=\/wp\/v2\/types\/post"}],"author":[{"embeddable":true,"href":"https:\/\/scurtpe2.ro\/index.php?rest_route=\/wp\/v2\/users\/4"}],"replies":[{"embeddable":true,"href":"https:\/\/scurtpe2.ro\/index.php?rest_route=%2Fwp%2Fv2%2Fcomments&post=22468"}],"version-history":[{"count":1,"href":"https:\/\/scurtpe2.ro\/index.php?rest_route=\/wp\/v2\/posts\/22468\/revisions"}],"predecessor-version":[{"id":22470,"href":"https:\/\/scurtpe2.ro\/index.php?rest_route=\/wp\/v2\/posts\/22468\/revisions\/22470"}],"wp:featuredmedia":[{"embeddable":true,"href":"https:\/\/scurtpe2.ro\/index.php?rest_route=\/wp\/v2\/media\/22469"}],"wp:attachment":[{"href":"https:\/\/scurtpe2.ro\/index.php?rest_route=%2Fwp%2Fv2%2Fmedia&parent=22468"}],"wp:term":[{"taxonomy":"category","embeddable":true,"href":"https:\/\/scurtpe2.ro\/index.php?rest_route=%2Fwp%2Fv2%2Fcategories&post=22468"},{"taxonomy":"post_tag","embeddable":true,"href":"https:\/\/scurtpe2.ro\/index.php?rest_route=%2Fwp%2Fv2%2Ftags&post=22468"}],"curies":[{"name":"wp","href":"https:\/\/api.w.org\/{rel}","templated":true}]}}