{"id":22461,"date":"2025-05-04T17:02:26","date_gmt":"2025-05-04T14:02:26","guid":{"rendered":"https:\/\/scurtpe2.ro\/?p=22461"},"modified":"2025-05-06T12:06:12","modified_gmt":"2025-05-06T09:06:12","slug":"vot-cu-gandul-la-viitor","status":"publish","type":"post","link":"https:\/\/scurtpe2.ro\/?p=22461","title":{"rendered":"VOT CU G\u00c3\u201aNDUL LA VIITOR"},"content":{"rendered":"<p class=\"yiv6372613558ydpb3bad254msonormal\" style=\"background: white;\"><span lang=\"EN-US\" style=\"font-size: 18.0pt; color: #1d2228;\">R\u00e2mnicenii au continuat s\u0103 se prezinte la vot \u0219i dup\u0103 amiaz\u0103. Cei mai mul\u021bi dintre aleg\u0103tori spun c\u0103 au pus \u0219tampila pe buletinul de vot cu g\u00e2ndul la viitorul copiilor \u0219i al nepo\u021bilor. Dac\u0103 \u00een prima parte a zilei, la urne au fost prezen\u021bi \u00een special v\u00e2rstnicii, spre sear\u0103 se estimeaz\u0103 ca prezen\u021ba tinerilor la sec\u021biile de votare s\u0103 fie mai mare.\u00c2\u00a0\u00c2\u00a0<\/span><\/p>\n<p class=\"yiv6372613558ydpb3bad254msonormal\" style=\"background: white;\"><span lang=\"EN-US\" style=\"font-size: 18.0pt; color: #1d2228;\">Imediat dup\u0103 pr\u00e2nz, \u00een multe sec\u021bii de votare din R\u00e2mnicu S\u0103rat era lini\u0219te. \u00cen jurul orei 14.00, la Sec\u021bia de votare Nr.\u00c2\u00a0\u00c2\u00a095 din cadrul Liceului Teoretic &#8222;\u009d\u0218tefan cel Mare&#8221;\u009d din R\u00e2mnicu S\u0103rat, se \u00eenregistra o prezen\u021b\u0103 la urne de 28,5 %.<\/span><\/p>\n<p class=\"yiv6372613558ydpb3bad254msonormal\" style=\"background: white;\"><span lang=\"EN-US\" style=\"font-size: 18.0pt; color: #1d2228;\">La Sec\u021bia de votare Nr.\u00c2\u00a0\u00c2\u00a089 din cadrul Colegiului Na\u021bional &#8222;\u009dAlexandru Vlahu\u021b\u0103&#8221;\u009d, la ora 14.00, votaser\u0103 29,3 % din aleg\u0103torii afla\u021bi pe liste.<\/span><\/p>\n<p class=\"yiv6372613558ydpb3bad254msonormal\" style=\"background: white;\"><span lang=\"EN-US\" style=\"font-size: 18.0pt; color: #1d2228;\">Tot \u00een jurul orei 14.00, la Sec\u021bia de votare Nr.\u00c2\u00a0\u00c2\u00a090, din cadrul Colegiului Na\u021bional &#8222;\u009dAlexandru Vlahu\u021b\u0103&#8221;\u009d, 27,5 % din r\u00e2mnicenii \u00eenscri\u0219i pe liste trecuser\u0103 pe la urne.<\/span><\/p>\n<p class=\"yiv6372613558ydpb3bad254msonormal\" style=\"background: white;\"><span lang=\"EN-US\" style=\"font-size: 18.0pt; color: #1d2228;\">\u00cen jurul orei 15.00, la nivelul municipiului R\u00e2mnicu S\u0103rat, se \u00eenregistra o prezen\u021b\u0103 la vot de aproximativ 30 %.<\/span><\/p>\n","protected":false},"excerpt":{"rendered":"<p>R\u00e2mnicenii au continuat s\u0103 se prezinte la vot \u0219i dup\u0103 amiaz\u0103. Cei mai mul\u021bi dintre aleg\u0103tori spun c\u0103 au pus \u0219tampila pe buletinul de vot cu g\u00e2ndul la viitorul copiilor \u0219i al nepo\u021bilor. Dac\u0103 \u00een prima parte a zilei, la urne au fost prezen\u021bi \u00een special v\u00e2rstnicii, spre sear\u0103 se estimeaz\u0103 ca prezen\u021ba tinerilor la sec\u021biile de votare s\u0103 fie mai mare.\u00c2\u00a0\u00c2\u00a0 Imediat dup\u0103 pr\u00e2nz, \u00een multe sec\u021bii de votare din R\u00e2mnicu S\u0103rat era lini\u0219te. \u00cen jurul orei 14.00, la Sec\u021bia de votare Nr.\u00c2\u00a0\u00c2\u00a095 din cadrul Liceului Teoretic &#8222;\u009d\u0218tefan cel&hellip;<\/p>\n","protected":false},"author":4,"featured_media":22463,"comment_status":"closed","ping_status":"closed","sticky":false,"template":"","format":"standard","meta":{"footnotes":""},"categories":[8065],"tags":[918,3451,778,2699],"class_list":["post-22461","post","type-post","status-publish","format-standard","has-post-thumbnail","hentry","category-alegeri-prezidentiale-2025","tag-colegiu-vlahuta","tag-prezenta-vot","tag-ramniceni","tag-vot"],"gutentor_comment":0,"_links":{"self":[{"href":"https:\/\/scurtpe2.ro\/index.php?rest_route=\/wp\/v2\/posts\/22461","targetHints":{"allow":["GET"]}}],"collection":[{"href":"https:\/\/scurtpe2.ro\/index.php?rest_route=\/wp\/v2\/posts"}],"about":[{"href":"https:\/\/scurtpe2.ro\/index.php?rest_route=\/wp\/v2\/types\/post"}],"author":[{"embeddable":true,"href":"https:\/\/scurtpe2.ro\/index.php?rest_route=\/wp\/v2\/users\/4"}],"replies":[{"embeddable":true,"href":"https:\/\/scurtpe2.ro\/index.php?rest_route=%2Fwp%2Fv2%2Fcomments&post=22461"}],"version-history":[{"count":1,"href":"https:\/\/scurtpe2.ro\/index.php?rest_route=\/wp\/v2\/posts\/22461\/revisions"}],"predecessor-version":[{"id":22464,"href":"https:\/\/scurtpe2.ro\/index.php?rest_route=\/wp\/v2\/posts\/22461\/revisions\/22464"}],"wp:featuredmedia":[{"embeddable":true,"href":"https:\/\/scurtpe2.ro\/index.php?rest_route=\/wp\/v2\/media\/22463"}],"wp:attachment":[{"href":"https:\/\/scurtpe2.ro\/index.php?rest_route=%2Fwp%2Fv2%2Fmedia&parent=22461"}],"wp:term":[{"taxonomy":"category","embeddable":true,"href":"https:\/\/scurtpe2.ro\/index.php?rest_route=%2Fwp%2Fv2%2Fcategories&post=22461"},{"taxonomy":"post_tag","embeddable":true,"href":"https:\/\/scurtpe2.ro\/index.php?rest_route=%2Fwp%2Fv2%2Ftags&post=22461"}],"curies":[{"name":"wp","href":"https:\/\/api.w.org\/{rel}","templated":true}]}}