{"id":22399,"date":"2025-04-28T17:47:56","date_gmt":"2025-04-28T14:47:56","guid":{"rendered":"https:\/\/scurtpe2.ro\/?p=22399"},"modified":"2025-04-28T17:47:56","modified_gmt":"2025-04-28T14:47:56","slug":"pentru-un-oras-sanatos","status":"publish","type":"post","link":"https:\/\/scurtpe2.ro\/?p=22399","title":{"rendered":"PENTRU UN ORA\u0218 S\u0102N\u0102TOS"},"content":{"rendered":"<p class=\"yiv2303703080ydpa70eca89msonormal\" style=\"background: white;\"><span lang=\"EN-US\" style=\"font-size: 18.0pt; color: #1d2228;\">Administra\u021bia Domeniului Public R\u00e2mnicu S\u0103rat \u00ee\u0219i dore\u0219te un ora\u0219 c\u00e2t mai curat \u0219i s\u0103n\u0103tos. Reprezentan\u021bii ADP sper\u0103 ca perdeau de salcii, plantate \u00een toamna anului trecut, pe Dig, \u00een cartierul Zona Pod, s\u0103 \u00eembun\u0103t\u0103\u021beasc\u0103 calitatea aerului. S\u0103lciile au fost plantate cu scopul de a crea o zon\u0103 verde, dar \u0219i la solicitarea cet\u0103\u021benilor, pentru a reduce poluarea \u00een zon\u0103.<\/span><\/p>\n<p class=\"yiv2303703080ydpa70eca89msonormal\" style=\"background: white;\"><span lang=\"EN-US\" style=\"font-size: 18.0pt; color: #1d2228;\">Reprezentan\u021bii ADP R\u00e2mnicu S\u0103rat \u0219i-au propus s\u0103 creeze \u0219i s\u0103 p\u0103streze un ora\u0219 c\u00e2t mai \u00eengrijit \u0219i s\u0103n\u0103tos.\u00c2\u00a0<\/span><\/p>\n","protected":false},"excerpt":{"rendered":"<p>Administra\u021bia Domeniului Public R\u00e2mnicu S\u0103rat \u00ee\u0219i dore\u0219te un ora\u0219 c\u00e2t mai curat \u0219i s\u0103n\u0103tos. Reprezentan\u021bii ADP sper\u0103 ca perdeau de salcii, plantate \u00een toamna anului trecut, pe Dig, \u00een cartierul Zona Pod, s\u0103 \u00eembun\u0103t\u0103\u021beasc\u0103 calitatea aerului. S\u0103lciile au fost plantate cu scopul de a crea o zon\u0103 verde, dar \u0219i la solicitarea cet\u0103\u021benilor, pentru a reduce poluarea \u00een zon\u0103. Reprezentan\u021bii ADP R\u00e2mnicu S\u0103rat \u0219i-au propus s\u0103 creeze \u0219i s\u0103 p\u0103streze un ora\u0219 c\u00e2t mai \u00eengrijit \u0219i s\u0103n\u0103tos.\u00c2\u00a0<\/p>\n","protected":false},"author":4,"featured_media":22400,"comment_status":"closed","ping_status":"closed","sticky":false,"template":"","format":"standard","meta":{"footnotes":""},"categories":[165],"tags":[980,1688,7694,534],"class_list":["post-22399","post","type-post","status-publish","format-standard","has-post-thumbnail","hentry","category-informatia-de-ramnic","tag-adp-rm-sarat","tag-poluare","tag-salcii","tag-sanatate"],"gutentor_comment":0,"_links":{"self":[{"href":"https:\/\/scurtpe2.ro\/index.php?rest_route=\/wp\/v2\/posts\/22399","targetHints":{"allow":["GET"]}}],"collection":[{"href":"https:\/\/scurtpe2.ro\/index.php?rest_route=\/wp\/v2\/posts"}],"about":[{"href":"https:\/\/scurtpe2.ro\/index.php?rest_route=\/wp\/v2\/types\/post"}],"author":[{"embeddable":true,"href":"https:\/\/scurtpe2.ro\/index.php?rest_route=\/wp\/v2\/users\/4"}],"replies":[{"embeddable":true,"href":"https:\/\/scurtpe2.ro\/index.php?rest_route=%2Fwp%2Fv2%2Fcomments&post=22399"}],"version-history":[{"count":1,"href":"https:\/\/scurtpe2.ro\/index.php?rest_route=\/wp\/v2\/posts\/22399\/revisions"}],"predecessor-version":[{"id":22401,"href":"https:\/\/scurtpe2.ro\/index.php?rest_route=\/wp\/v2\/posts\/22399\/revisions\/22401"}],"wp:featuredmedia":[{"embeddable":true,"href":"https:\/\/scurtpe2.ro\/index.php?rest_route=\/wp\/v2\/media\/22400"}],"wp:attachment":[{"href":"https:\/\/scurtpe2.ro\/index.php?rest_route=%2Fwp%2Fv2%2Fmedia&parent=22399"}],"wp:term":[{"taxonomy":"category","embeddable":true,"href":"https:\/\/scurtpe2.ro\/index.php?rest_route=%2Fwp%2Fv2%2Fcategories&post=22399"},{"taxonomy":"post_tag","embeddable":true,"href":"https:\/\/scurtpe2.ro\/index.php?rest_route=%2Fwp%2Fv2%2Ftags&post=22399"}],"curies":[{"name":"wp","href":"https:\/\/api.w.org\/{rel}","templated":true}]}}