{"id":22355,"date":"2025-04-24T08:52:53","date_gmt":"2025-04-24T05:52:53","guid":{"rendered":"https:\/\/scurtpe2.ro\/?p=22355"},"modified":"2025-04-24T08:52:53","modified_gmt":"2025-04-24T05:52:53","slug":"incurajati-sa-si-dezvolte-talentul","status":"publish","type":"post","link":"https:\/\/scurtpe2.ro\/?p=22355","title":{"rendered":"\u00ceNCURAJA\u021aI S\u0102-\u0218I DEZVOLTE TALENTUL"},"content":{"rendered":"<p>Sus\u021bin \u0219i \u00eencurajeaz\u0103 copiii s\u0103-\u0219i urmeze talentul \u00een muzic\u0103, art\u0103 \u0219i cultur\u0103. Este vorba de reprezentan\u021bii Centrul Cultural &#8222;Florica Cristoforeanu&#8221; din R\u00e2mnicu S\u0103rat, care ofer\u0103 copiilor nenum\u0103rate oportunit\u0103\u021bi pentru a-\u0219i dezvolta abilit\u0103\u021bile, fie c\u0103 sunt pasiona\u021bi de muzic\u0103, art\u0103 sau de literatur\u0103 \u0219i creativitate. \u0218i \u00een acest an, Centrul Cultural organizeaz\u0103 o serie de evenimente proprii \u00een care sunt angrena\u021bi copiii, precum concursurile de dans, cele de interpretare sau atelierele de crea\u021bie. Mai nou, Centrul Cultural &#8222;Florica Cristoforeanu&#8221; a pus bazele Cenaclului literar &#8222;\u017eGrigore Vieru&#8221;\u009d, destinat elevilor din ciclul gimnazial pasiona\u021bi de literatur\u0103 \u0219i creativitate.<\/p>\n<p>Particip\u00e2nd la diferite cursuri, copiii au ocazia de a-\u0219i \u00c2\u00a0stimula creativitatea, de a-\u0219i dezvolta abilit\u0103\u021bile \u0219i de a avea avea o mai mare \u00eencredere \u00een ei, \u00eenv\u0103\u021b\u00e2nd s\u0103-\u0219i organizeze eficient timpul \u0219i s\u0103-\u0219i gestioneze emo\u021biile.<\/p>\n","protected":false},"excerpt":{"rendered":"<p>Sus\u021bin \u0219i \u00eencurajeaz\u0103 copiii s\u0103-\u0219i urmeze talentul \u00een muzic\u0103, art\u0103 \u0219i cultur\u0103. Este vorba de reprezentan\u021bii Centrul Cultural &#8222;Florica Cristoforeanu&#8221; din R\u00e2mnicu S\u0103rat, care ofer\u0103 copiilor nenum\u0103rate oportunit\u0103\u021bi pentru a-\u0219i dezvolta abilit\u0103\u021bile, fie c\u0103 sunt pasiona\u021bi de muzic\u0103, art\u0103 sau de literatur\u0103 \u0219i creativitate. \u0218i \u00een acest an, Centrul Cultural organizeaz\u0103 o serie de evenimente proprii \u00een care sunt angrena\u021bi copiii, precum concursurile de dans, cele de interpretare sau atelierele de crea\u021bie. Mai nou, Centrul Cultural &#8222;Florica Cristoforeanu&#8221; a pus bazele Cenaclului literar &#8222;\u017eGrigore Vieru&#8221;\u009d, destinat elevilor din ciclul gimnazial&hellip;<\/p>\n","protected":false},"author":4,"featured_media":16386,"comment_status":"closed","ping_status":"closed","sticky":false,"template":"","format":"standard","meta":{"footnotes":""},"categories":[165],"tags":[3920,2490,639,6089,2580,5974],"class_list":["post-22355","post","type-post","status-publish","format-standard","has-post-thumbnail","hentry","category-informatia-de-ramnic","tag-abilitati","tag-centru-cultural","tag-copii","tag-grigore-vieru","tag-muzica","tag-talent"],"gutentor_comment":0,"_links":{"self":[{"href":"https:\/\/scurtpe2.ro\/index.php?rest_route=\/wp\/v2\/posts\/22355","targetHints":{"allow":["GET"]}}],"collection":[{"href":"https:\/\/scurtpe2.ro\/index.php?rest_route=\/wp\/v2\/posts"}],"about":[{"href":"https:\/\/scurtpe2.ro\/index.php?rest_route=\/wp\/v2\/types\/post"}],"author":[{"embeddable":true,"href":"https:\/\/scurtpe2.ro\/index.php?rest_route=\/wp\/v2\/users\/4"}],"replies":[{"embeddable":true,"href":"https:\/\/scurtpe2.ro\/index.php?rest_route=%2Fwp%2Fv2%2Fcomments&post=22355"}],"version-history":[{"count":1,"href":"https:\/\/scurtpe2.ro\/index.php?rest_route=\/wp\/v2\/posts\/22355\/revisions"}],"predecessor-version":[{"id":22356,"href":"https:\/\/scurtpe2.ro\/index.php?rest_route=\/wp\/v2\/posts\/22355\/revisions\/22356"}],"wp:featuredmedia":[{"embeddable":true,"href":"https:\/\/scurtpe2.ro\/index.php?rest_route=\/wp\/v2\/media\/16386"}],"wp:attachment":[{"href":"https:\/\/scurtpe2.ro\/index.php?rest_route=%2Fwp%2Fv2%2Fmedia&parent=22355"}],"wp:term":[{"taxonomy":"category","embeddable":true,"href":"https:\/\/scurtpe2.ro\/index.php?rest_route=%2Fwp%2Fv2%2Fcategories&post=22355"},{"taxonomy":"post_tag","embeddable":true,"href":"https:\/\/scurtpe2.ro\/index.php?rest_route=%2Fwp%2Fv2%2Ftags&post=22355"}],"curies":[{"name":"wp","href":"https:\/\/api.w.org\/{rel}","templated":true}]}}