{"id":22290,"date":"2025-04-15T18:12:02","date_gmt":"2025-04-15T15:12:02","guid":{"rendered":"https:\/\/scurtpe2.ro\/?p=22290"},"modified":"2025-04-15T18:13:41","modified_gmt":"2025-04-15T15:13:41","slug":"scoala-copiilor-fericiti","status":"publish","type":"post","link":"https:\/\/scurtpe2.ro\/?p=22290","title":{"rendered":"\u0218coala Gimnazial\u00c4\u0192 -\u009dGheorghe Vernescu-\u009d din R\u0103mnicu S\u00c4\u0192rat a devenit -\u009d\u0218coala copiilor ferici\u021bi-\u009d, \u00een urma derul\u00c4\u0192rii unui proiect prin Programul Na\u021bional pentru Reducerea Abandonului \u0218colar. Proiectul \u00ee\u0219i propune diminuarea riscului de abandon \u0219colar, dar \u0219i \u00eembun\u00c4\u0192t\u00c4\u0192\u021birea rezultatelor ob\u021binute de elevi \u00een cadrul evalu\u00c4\u0192rilor na\u021bionale \u0219i cre\u0219terea procentului de elevi care finalizeaz\u00c4\u0192 \u00eenv\u00c4\u0192\u021b\u00c4\u0192m\u00c8\u0192ntul gimnazial.\r\n\r\nDerularea acestui proiect vizeaz\u00c4\u0192 \u0219i consilierea p\u00c4\u0192rin\u021bilor ai c\u00c4\u0192ror copii se afl\u00c4\u0192 \u00een situa\u021bie de risc, \u00een vederea reducerii abandonului \u0219colar \u0219i a ratei de absenteism, dar \u0219i organizarea unei excursii cu to\u021bi membrii grupului \u021bint\u00c4\u0192.\r\n\r\nDe-a lungul timpului, \u0218coala Gimnazial\u00c4\u0192 -\u009dGheorghe Vernescu-\u009d din R\u0103mnicu S\u00c4\u0192rat a trecut prin numeroase schimb\u00c4\u0192ri, ajung\u0103nd s\u00c4\u0192 beneficieze \u00een prezent, de un local modern, cu s\u00c4\u0192li de clas\u00c4\u0192 utilate, precum \u0219i cu laboratoare \u0219i cabinete func\u021bionale."},"content":{"rendered":"<p>\u0218coala Gimnazial\u0103 &#8222;\u009dGheorghe Vernescu&#8221;\u009d din R\u0103mnicu S\u0103rat a devenit &#8222;\u009d\u0218coala copiilor ferici\u021bi&#8221;\u009d, \u00een urma derul\u0103rii unui proiect prin Programul Na\u021bional pentru Reducerea Abandonului \u0218colar. Proiectul \u00ee\u0219i propune diminuarea riscului de abandon \u0219colar, dar \u0219i \u00eembun\u0103t\u0103\u021birea rezultatelor ob\u021binute de elevi \u00een cadrul evalu\u0103rilor na\u021bionale \u0219i cre\u0219terea procentului de elevi care finalizeaz\u0103 \u00eenv\u0103\u021b\u0103m\u00c8\u0192ntul gimnazial.<\/p>\n<p>Derularea acestui proiect vizeaz\u0103 \u0219i consilierea p\u0103rin\u021bilor ai c\u0103ror copii se afl\u0103 \u00een situa\u021bie de risc, \u00een vederea reducerii abandonului \u0219colar \u0219i a ratei de absenteism, dar \u0219i organizarea unei excursii cu to\u021bi membrii grupului \u021bint\u0103.<\/p>\n<p>De-a lungul timpului, \u0218coala Gimnazial\u0103 &#8222;\u009dGheorghe Vernescu&#8221;\u009d din R\u0103mnicu S\u0103rat a trecut prin numeroase schimb\u0103ri, ajung\u0103nd s\u0103 beneficieze \u00een prezent, de un local modern, cu s\u0103li de clas\u0103 utilate, precum \u0219i cu laboratoare \u0219i cabinete func\u021bionale.<\/p>\n","protected":false},"excerpt":{"rendered":"<p>\u0218coala Gimnazial\u0103 &#8222;\u009dGheorghe Vernescu&#8221;\u009d din R\u0103mnicu S\u0103rat a devenit &#8222;\u009d\u0218coala copiilor ferici\u021bi&#8221;\u009d, \u00een urma derul\u0103rii unui proiect prin Programul Na\u021bional pentru Reducerea Abandonului \u0218colar. Proiectul \u00ee\u0219i propune diminuarea riscului de abandon \u0219colar, dar \u0219i \u00eembun\u0103t\u0103\u021birea rezultatelor ob\u021binute de elevi \u00een cadrul evalu\u0103rilor na\u021bionale \u0219i cre\u0219terea procentului de elevi care finalizeaz\u0103 \u00eenv\u0103\u021b\u0103m\u00c8\u0192ntul gimnazial. Derularea acestui proiect vizeaz\u0103 \u0219i consilierea p\u0103rin\u021bilor ai c\u0103ror copii se afl\u0103 \u00een situa\u021bie de risc, \u00een vederea reducerii abandonului \u0219colar \u0219i a ratei de absenteism, dar \u0219i organizarea unei excursii cu to\u021bi membrii grupului \u021bint\u0103. De-a lungul&hellip;<\/p>\n","protected":false},"author":4,"featured_media":15652,"comment_status":"closed","ping_status":"closed","sticky":false,"template":"","format":"standard","meta":{"footnotes":""},"categories":[165],"tags":[5764,4066,1291,8010],"class_list":["post-22290","post","type-post","status-publish","format-standard","has-post-thumbnail","hentry","category-informatia-de-ramnic","tag-abandon-scolar","tag-excursie","tag-laborator","tag-scoala-gheorghe-vernescu"],"gutentor_comment":0,"_links":{"self":[{"href":"https:\/\/scurtpe2.ro\/index.php?rest_route=\/wp\/v2\/posts\/22290","targetHints":{"allow":["GET"]}}],"collection":[{"href":"https:\/\/scurtpe2.ro\/index.php?rest_route=\/wp\/v2\/posts"}],"about":[{"href":"https:\/\/scurtpe2.ro\/index.php?rest_route=\/wp\/v2\/types\/post"}],"author":[{"embeddable":true,"href":"https:\/\/scurtpe2.ro\/index.php?rest_route=\/wp\/v2\/users\/4"}],"replies":[{"embeddable":true,"href":"https:\/\/scurtpe2.ro\/index.php?rest_route=%2Fwp%2Fv2%2Fcomments&post=22290"}],"version-history":[{"count":2,"href":"https:\/\/scurtpe2.ro\/index.php?rest_route=\/wp\/v2\/posts\/22290\/revisions"}],"predecessor-version":[{"id":22292,"href":"https:\/\/scurtpe2.ro\/index.php?rest_route=\/wp\/v2\/posts\/22290\/revisions\/22292"}],"wp:featuredmedia":[{"embeddable":true,"href":"https:\/\/scurtpe2.ro\/index.php?rest_route=\/wp\/v2\/media\/15652"}],"wp:attachment":[{"href":"https:\/\/scurtpe2.ro\/index.php?rest_route=%2Fwp%2Fv2%2Fmedia&parent=22290"}],"wp:term":[{"taxonomy":"category","embeddable":true,"href":"https:\/\/scurtpe2.ro\/index.php?rest_route=%2Fwp%2Fv2%2Fcategories&post=22290"},{"taxonomy":"post_tag","embeddable":true,"href":"https:\/\/scurtpe2.ro\/index.php?rest_route=%2Fwp%2Fv2%2Ftags&post=22290"}],"curies":[{"name":"wp","href":"https:\/\/api.w.org\/{rel}","templated":true}]}}