{"id":22287,"date":"2025-04-15T18:08:18","date_gmt":"2025-04-15T15:08:18","guid":{"rendered":"https:\/\/scurtpe2.ro\/?p=22287"},"modified":"2025-04-15T18:08:18","modified_gmt":"2025-04-15T15:08:18","slug":"problema-greu-de-gestionat","status":"publish","type":"post","link":"https:\/\/scurtpe2.ro\/?p=22287","title":{"rendered":"PROBLEM\u0102 GREU DE GESTIONAT"},"content":{"rendered":"<p>Prezen\u021ba ur\u0219ilor \u00een zonele populate devine o problem\u0103 tot mai greu de gestionat pentru autorit\u0103\u021bile buzoiene. Este un fapt recunoscut \u0219i de c\u0103tre prefectul jude\u021bului Buz\u0103u, Liliana Sb\u00eernea, care spune c\u0103 num\u0103rul de ur\u0219i din jude\u021b a crescut \u00eentr-un ritm alarmant. Chiar la \u00eenceputul acestei luni, un urs a fost v\u0103zut pe faleza din Berca, \u00eentr-o zon\u0103 frecventat\u0103 de tineri, \u00een care se organizeaz\u0103 diferite evenimente culturale \u0219i de divertisment. Cifrele arat\u0103 nu doar o cre\u0219tere semnificativ\u0103 a popula\u021biei de ur\u0219i, ci \u0219i o \u00eenmul\u021bire a atacurilor.<\/p>\n<p>Potrivit legii, la nivel na\u021bional ar trebui recoltate peste 400 de exemplare de urs, Buz\u0103ului revenindu-i o cot\u0103 de 28 de ur\u0219i. Decizia a fost luat\u0103 anul trecut prin legea adoptat\u0103 de Parlament \u00een regim de urgen\u021b\u0103, \u00een urma tragediei din Mun\u021bii Bucegi, unde o t\u00e2n\u0103r\u0103 a fost omor\u00e2t\u0103 de un urs, \u00een timp ce se afla \u00een drume\u021bie.<\/p>\n<p>De obicei, v\u00e2narea ur\u0219ilor nu este dorit\u0103 sau considerat\u0103 o prioritate. Chiar mai mult, v\u00e2n\u0103torii sunt descuraja\u021bi. Prefectul Liliana Sb\u00eernea a aflat de acest aspect \u00een urma \u00eent\u00e2lnirilor pe care le-a avut recent cu primarii din zonele de munte, acolo unde s-au semnalat cele mai multe atacuri ale ur\u0219ilor.<\/p>\n<p>\u00cen ceea ce prive\u0219te solu\u021biile eficiente ce ar trebui g\u0103site pentru a \u021bine sub control probleme ur\u0219ilor, primarul comunei Chiojdu, Gheorghe Neam\u021bu, a propus ca primele acordate directorilor Regiei Na\u021bionale a P\u0103durilor s\u0103 fie folosite pentru hrana animalelor s\u0103lbatice, departe de zonele locuite, \u0219i achizi\u021bia unor sisteme cu GPS pentru monitorizarea \u00een timp real a ur\u0219ilor. Prefectul de Buz\u0103u este de p\u0103rere c\u0103 autorit\u0103\u021bile centrale vor g\u0103si p\u00e2n\u0103 la urm\u0103 o solu\u021bie eficient\u0103 pentru a nu mai ap\u0103rea cazuri de oameni ataca\u021bi \u0219i uci\u0219i de ur\u0219i.<\/p>\n<p>\u00cen ultimii ani, atacurile exemplarelor de urs brun s-au \u00eenmul\u021bit \u00een mod alarmant. \u00c5\u00a2in\u00e2nd cont de num\u0103rul mare de exemplare, ur\u0219ii au \u00eenceput s\u0103 coboare c\u0103tre intravilanul localit\u0103\u021bilor, acolo unde g\u0103sesc hran\u0103 diversificat\u0103, ocazie cu care atac\u0103 animalele din gospod\u0103rii iar \u00een unele situa\u021bii, atrag aten\u021bia autorit\u0103\u021bile, chiar oamenii.<\/p>\n","protected":false},"excerpt":{"rendered":"<p>Prezen\u021ba ur\u0219ilor \u00een zonele populate devine o problem\u0103 tot mai greu de gestionat pentru autorit\u0103\u021bile buzoiene. Este un fapt recunoscut \u0219i de c\u0103tre prefectul jude\u021bului Buz\u0103u, Liliana Sb\u00eernea, care spune c\u0103 num\u0103rul de ur\u0219i din jude\u021b a crescut \u00eentr-un ritm alarmant. Chiar la \u00eenceputul acestei luni, un urs a fost v\u0103zut pe faleza din Berca, \u00eentr-o zon\u0103 frecventat\u0103 de tineri, \u00een care se organizeaz\u0103 diferite evenimente culturale \u0219i de divertisment. Cifrele arat\u0103 nu doar o cre\u0219tere semnificativ\u0103 a popula\u021biei de ur\u0219i, ci \u0219i o \u00eenmul\u021bire a atacurilor. Potrivit legii, la&hellip;<\/p>\n","protected":false},"author":4,"featured_media":22288,"comment_status":"closed","ping_status":"closed","sticky":false,"template":"","format":"standard","meta":{"footnotes":""},"categories":[168],"tags":[8017,8018,3513,3668,254,2442],"class_list":["post-22287","post","type-post","status-publish","format-standard","has-post-thumbnail","hentry","category-informatia-de-buzau","tag-alarmant","tag-atacuri-ursi","tag-liliana-sbirnea","tag-monitorizare","tag-prefectura","tag-urs"],"gutentor_comment":0,"_links":{"self":[{"href":"https:\/\/scurtpe2.ro\/index.php?rest_route=\/wp\/v2\/posts\/22287","targetHints":{"allow":["GET"]}}],"collection":[{"href":"https:\/\/scurtpe2.ro\/index.php?rest_route=\/wp\/v2\/posts"}],"about":[{"href":"https:\/\/scurtpe2.ro\/index.php?rest_route=\/wp\/v2\/types\/post"}],"author":[{"embeddable":true,"href":"https:\/\/scurtpe2.ro\/index.php?rest_route=\/wp\/v2\/users\/4"}],"replies":[{"embeddable":true,"href":"https:\/\/scurtpe2.ro\/index.php?rest_route=%2Fwp%2Fv2%2Fcomments&post=22287"}],"version-history":[{"count":1,"href":"https:\/\/scurtpe2.ro\/index.php?rest_route=\/wp\/v2\/posts\/22287\/revisions"}],"predecessor-version":[{"id":22289,"href":"https:\/\/scurtpe2.ro\/index.php?rest_route=\/wp\/v2\/posts\/22287\/revisions\/22289"}],"wp:featuredmedia":[{"embeddable":true,"href":"https:\/\/scurtpe2.ro\/index.php?rest_route=\/wp\/v2\/media\/22288"}],"wp:attachment":[{"href":"https:\/\/scurtpe2.ro\/index.php?rest_route=%2Fwp%2Fv2%2Fmedia&parent=22287"}],"wp:term":[{"taxonomy":"category","embeddable":true,"href":"https:\/\/scurtpe2.ro\/index.php?rest_route=%2Fwp%2Fv2%2Fcategories&post=22287"},{"taxonomy":"post_tag","embeddable":true,"href":"https:\/\/scurtpe2.ro\/index.php?rest_route=%2Fwp%2Fv2%2Ftags&post=22287"}],"curies":[{"name":"wp","href":"https:\/\/api.w.org\/{rel}","templated":true}]}}