{"id":22285,"date":"2025-04-15T18:02:04","date_gmt":"2025-04-15T15:02:04","guid":{"rendered":"https:\/\/scurtpe2.ro\/?p=22285"},"modified":"2025-04-15T18:02:04","modified_gmt":"2025-04-15T15:02:04","slug":"invitati-la-noaptea-muzeelor","status":"publish","type":"post","link":"https:\/\/scurtpe2.ro\/?p=22285","title":{"rendered":"INVITA\u021aI LA -\u009dNOAPTEA MUZEELOR-\u009d"},"content":{"rendered":"<p>Muzeul Municipal ,,Octavian Mo\u0219escu&#8221;\u009d din R\u00e2mnicu S\u0103rat \u00eencepe preg\u0103tirile pentru &#8222;\u009dNoaptea muzeelor&#8221;\u009d. R\u00e2mnicenii, dar \u0219i al\u021bi iubitori de art\u0103 \u0219i frumos, sunt invita\u021bi, s\u00e2mb\u0103t\u0103, 17 mai, la acest eveniment care, an de an, atrage sute de iubitori de art\u0103, istorie \u0219i cultur\u0103. Organizatorii sper\u0103 ca, \u0219i \u00een acest an, \u00c2\u00a0vizitatorii s\u0103 se bucure de atmosfera unei seri de neuitat.<\/p>\n<p>An de an, &#8222;\u009dNoaptea Muzeelor&#8221;\u009d, unul dintre cele mai a\u0219teptate evenimente culturale, ofer\u0103 vizitatorilor o experien\u021b\u0103 unic\u0103.<\/p>\n","protected":false},"excerpt":{"rendered":"<p>Muzeul Municipal ,,Octavian Mo\u0219escu&#8221;\u009d din R\u00e2mnicu S\u0103rat \u00eencepe preg\u0103tirile pentru &#8222;\u009dNoaptea muzeelor&#8221;\u009d. R\u00e2mnicenii, dar \u0219i al\u021bi iubitori de art\u0103 \u0219i frumos, sunt invita\u021bi, s\u00e2mb\u0103t\u0103, 17 mai, la acest eveniment care, an de an, atrage sute de iubitori de art\u0103, istorie \u0219i cultur\u0103. Organizatorii sper\u0103 ca, \u0219i \u00een acest an, \u00c2\u00a0vizitatorii s\u0103 se bucure de atmosfera unei seri de neuitat. An de an, &#8222;\u009dNoaptea Muzeelor&#8221;\u009d, unul dintre cele mai a\u0219teptate evenimente culturale, ofer\u0103 vizitatorilor o experien\u021b\u0103 unic\u0103.<\/p>\n","protected":false},"author":4,"featured_media":19684,"comment_status":"closed","ping_status":"closed","sticky":false,"template":"","format":"standard","meta":{"footnotes":""},"categories":[165],"tags":[1457,619,3102],"class_list":["post-22285","post","type-post","status-publish","format-standard","has-post-thumbnail","hentry","category-informatia-de-ramnic","tag-cultura","tag-muzeu-municipal","tag-noaptea-muzeelor"],"gutentor_comment":0,"_links":{"self":[{"href":"https:\/\/scurtpe2.ro\/index.php?rest_route=\/wp\/v2\/posts\/22285","targetHints":{"allow":["GET"]}}],"collection":[{"href":"https:\/\/scurtpe2.ro\/index.php?rest_route=\/wp\/v2\/posts"}],"about":[{"href":"https:\/\/scurtpe2.ro\/index.php?rest_route=\/wp\/v2\/types\/post"}],"author":[{"embeddable":true,"href":"https:\/\/scurtpe2.ro\/index.php?rest_route=\/wp\/v2\/users\/4"}],"replies":[{"embeddable":true,"href":"https:\/\/scurtpe2.ro\/index.php?rest_route=%2Fwp%2Fv2%2Fcomments&post=22285"}],"version-history":[{"count":1,"href":"https:\/\/scurtpe2.ro\/index.php?rest_route=\/wp\/v2\/posts\/22285\/revisions"}],"predecessor-version":[{"id":22286,"href":"https:\/\/scurtpe2.ro\/index.php?rest_route=\/wp\/v2\/posts\/22285\/revisions\/22286"}],"wp:featuredmedia":[{"embeddable":true,"href":"https:\/\/scurtpe2.ro\/index.php?rest_route=\/wp\/v2\/media\/19684"}],"wp:attachment":[{"href":"https:\/\/scurtpe2.ro\/index.php?rest_route=%2Fwp%2Fv2%2Fmedia&parent=22285"}],"wp:term":[{"taxonomy":"category","embeddable":true,"href":"https:\/\/scurtpe2.ro\/index.php?rest_route=%2Fwp%2Fv2%2Fcategories&post=22285"},{"taxonomy":"post_tag","embeddable":true,"href":"https:\/\/scurtpe2.ro\/index.php?rest_route=%2Fwp%2Fv2%2Ftags&post=22285"}],"curies":[{"name":"wp","href":"https:\/\/api.w.org\/{rel}","templated":true}]}}