{"id":22279,"date":"2025-04-14T17:05:02","date_gmt":"2025-04-14T14:05:02","guid":{"rendered":"https:\/\/scurtpe2.ro\/?p=22279"},"modified":"2025-04-14T17:05:03","modified_gmt":"2025-04-14T14:05:03","slug":"functie-importanta-in-parlament","status":"publish","type":"post","link":"https:\/\/scurtpe2.ro\/?p=22279","title":{"rendered":"FUNC\u021aIE IMPORTANT\u0102 \u00ceN PARLAMENT"},"content":{"rendered":"<p>Deputatul Petre Emanoil Neagu, fostul pre\u0219edinte al Consiliului Jude\u021bean Buz\u0103u a primit o func\u021bie important\u0103 \u00een camera inferioar\u0103 a Parlamentului. El a fost votat vicepre\u0219edinte al subcomsiei pentru monitorizarea execut\u0103rii hot\u0103r\u00e2rilor Cur\u021bii Europene a Drepurilor Omului, din cadrul Comisiei juridice, de disciplin\u0103 \u0219i imunit\u0103\u021bi, comisie unde Neagu ocup\u0103 func\u021bia de secretar. Petre Emanuel Neagu este la primul mandat de deputat, iar de c\u00e2nd a \u00eenceput activitatea parlamentar\u0103 a avut 9 propuneri legislative \u0219i dou\u0103 lu\u0103ri de cuv\u00e2nt, \u00een dou\u0103 \u0219edin\u021be. Deputatul de Buz\u0103u mai face parte \u0219i din alte dou\u0103 comisii permanente, respectiv Comisia pentru administra\u021bie public\u0103 \u0219i amenajarea teritoriului, dar \u0219i din Comisia pentru comunit\u0103\u021bile de rom\u00e2ni din afara grani\u021belor \u021b\u0103rii. De asemenea, Neagu este membru \u0219i \u00een Comisia special\u0103 comun\u0103 de control parlamentar specializat al Europol.<\/p>\n<p>&nbsp;<\/p>\n","protected":false},"excerpt":{"rendered":"<p>Deputatul Petre Emanoil Neagu, fostul pre\u0219edinte al Consiliului Jude\u021bean Buz\u0103u a primit o func\u021bie important\u0103 \u00een camera inferioar\u0103 a Parlamentului. El a fost votat vicepre\u0219edinte al subcomsiei pentru monitorizarea execut\u0103rii hot\u0103r\u00e2rilor Cur\u021bii Europene a Drepurilor Omului, din cadrul Comisiei juridice, de disciplin\u0103 \u0219i imunit\u0103\u021bi, comisie unde Neagu ocup\u0103 func\u021bia de secretar. Petre Emanuel Neagu este la primul mandat de deputat, iar de c\u00e2nd a \u00eenceput activitatea parlamentar\u0103 a avut 9 propuneri legislative \u0219i dou\u0103 lu\u0103ri de cuv\u00e2nt, \u00een dou\u0103 \u0219edin\u021be. Deputatul de Buz\u0103u mai face parte \u0219i din alte dou\u0103&hellip;<\/p>\n","protected":false},"author":4,"featured_media":15152,"comment_status":"closed","ping_status":"closed","sticky":false,"template":"","format":"standard","meta":{"footnotes":""},"categories":[168],"tags":[2029,4189,8016,1683],"class_list":["post-22279","post","type-post","status-publish","format-standard","has-post-thumbnail","hentry","category-informatia-de-buzau","tag-camera-deputatilor","tag-deputat","tag-drepturile-omului","tag-petre-emanoil-neagu"],"gutentor_comment":0,"_links":{"self":[{"href":"https:\/\/scurtpe2.ro\/index.php?rest_route=\/wp\/v2\/posts\/22279","targetHints":{"allow":["GET"]}}],"collection":[{"href":"https:\/\/scurtpe2.ro\/index.php?rest_route=\/wp\/v2\/posts"}],"about":[{"href":"https:\/\/scurtpe2.ro\/index.php?rest_route=\/wp\/v2\/types\/post"}],"author":[{"embeddable":true,"href":"https:\/\/scurtpe2.ro\/index.php?rest_route=\/wp\/v2\/users\/4"}],"replies":[{"embeddable":true,"href":"https:\/\/scurtpe2.ro\/index.php?rest_route=%2Fwp%2Fv2%2Fcomments&post=22279"}],"version-history":[{"count":1,"href":"https:\/\/scurtpe2.ro\/index.php?rest_route=\/wp\/v2\/posts\/22279\/revisions"}],"predecessor-version":[{"id":22280,"href":"https:\/\/scurtpe2.ro\/index.php?rest_route=\/wp\/v2\/posts\/22279\/revisions\/22280"}],"wp:featuredmedia":[{"embeddable":true,"href":"https:\/\/scurtpe2.ro\/index.php?rest_route=\/wp\/v2\/media\/15152"}],"wp:attachment":[{"href":"https:\/\/scurtpe2.ro\/index.php?rest_route=%2Fwp%2Fv2%2Fmedia&parent=22279"}],"wp:term":[{"taxonomy":"category","embeddable":true,"href":"https:\/\/scurtpe2.ro\/index.php?rest_route=%2Fwp%2Fv2%2Fcategories&post=22279"},{"taxonomy":"post_tag","embeddable":true,"href":"https:\/\/scurtpe2.ro\/index.php?rest_route=%2Fwp%2Fv2%2Ftags&post=22279"}],"curies":[{"name":"wp","href":"https:\/\/api.w.org\/{rel}","templated":true}]}}