{"id":22269,"date":"2025-04-14T16:51:03","date_gmt":"2025-04-14T13:51:03","guid":{"rendered":"https:\/\/scurtpe2.ro\/?p=22269"},"modified":"2025-04-14T16:51:03","modified_gmt":"2025-04-14T13:51:03","slug":"in-plin-proces-de-reorganizare","status":"publish","type":"post","link":"https:\/\/scurtpe2.ro\/?p=22269","title":{"rendered":"\u00ceN PLIN PROCES DE REORGANIZARE"},"content":{"rendered":"<p class=\"yiv5756024610ydp56c64451msonormal\" style=\"background: white;\"><span lang=\"EN-US\" style=\"font-size: 18.0pt; color: #1d2228;\">Pia\u021ba din R\u00e2mnicu S\u0103rat se afl\u0103 \u00een plin proces de reorganizare dup\u0103 transformarea institu\u021biei \u00c2\u00ab\u00c2\u00a0Pie\u021be, T\u00e2rguri \u0219i Oboare\u00c2\u00a0\u00c2\u00bb \u00een Serviciu de Administrare. Autorit\u0103\u021bile din Rm S\u0103rat vor ca Pia\u021ba Central\u0103 s\u0103 redevin\u0103 principala zon\u0103 de atrac\u021bie pentru locuitori \u0219i s\u0103 creeze un climat propice desf\u0103\u0219ur\u0103rii activit\u0103\u021bii comerciale.<\/span><\/p>\n<p class=\"yiv5756024610ydp56c64451msonormal\" style=\"background: white;\"><span lang=\"EN-US\" style=\"font-size: 18.0pt; color: #1d2228;\">Pe viitor, reprezentan\u021bii Serviciului de Administrare \u00c2\u00ab\u00c2\u00a0Pie\u021be, T\u00e2rguri \u0219i Oboare\u00c2\u00a0\u00c2\u00bb inten\u021bioneaz\u0103 s\u0103 organizeze \u00een Pia\u021ba din R\u00e2mnicu S\u0103rat mai multe t\u00e2rguri \u0219i expozi\u021bii menite a-i sprijini pe produc\u0103tori.<\/span><\/p>\n<p class=\"yiv5756024610ydp56c64451msonormal\" style=\"background: white;\"><span lang=\"EN-US\" style=\"font-size: 18.0pt; color: #1d2228;\">Institu\u021bia de Interes Public \u00c2\u00ab\u00c2\u00a0Pie\u021be, T\u00e2rguri si Oboare\u00c2\u00a0\u00c2\u00bb R\u00e2mnicu S\u0103rat s-a desfiin\u021bat \u00een vara anului trecut. Unitatea a fost reorganizat\u0103 \u00een cadrul aparatului de specialitate al Primarului municipiului, ca structur\u0103 far\u0103 personalitate juridic\u0103, \u00een serviciu cu denumirea Serviciul de Administrare\u00c2\u00a0\u00c2\u00a0\u00c2\u00ab\u00c2\u00a0Pie\u021be, T\u00e2rguri \u0219i Oboare\u00c2\u00a0\u00c2\u00bb.<\/span><\/p>\n","protected":false},"excerpt":{"rendered":"<p>Pia\u021ba din R\u00e2mnicu S\u0103rat se afl\u0103 \u00een plin proces de reorganizare dup\u0103 transformarea institu\u021biei \u00c2\u00ab\u00c2\u00a0Pie\u021be, T\u00e2rguri \u0219i Oboare\u00c2\u00a0\u00c2\u00bb \u00een Serviciu de Administrare. Autorit\u0103\u021bile din Rm S\u0103rat vor ca Pia\u021ba Central\u0103 s\u0103 redevin\u0103 principala zon\u0103 de atrac\u021bie pentru locuitori \u0219i s\u0103 creeze un climat propice desf\u0103\u0219ur\u0103rii activit\u0103\u021bii comerciale. Pe viitor, reprezentan\u021bii Serviciului de Administrare \u00c2\u00ab\u00c2\u00a0Pie\u021be, T\u00e2rguri \u0219i Oboare\u00c2\u00a0\u00c2\u00bb inten\u021bioneaz\u0103 s\u0103 organizeze \u00een Pia\u021ba din R\u00e2mnicu S\u0103rat mai multe t\u00e2rguri \u0219i expozi\u021bii menite a-i sprijini pe produc\u0103tori. Institu\u021bia de Interes Public \u00c2\u00ab\u00c2\u00a0Pie\u021be, T\u00e2rguri si Oboare\u00c2\u00a0\u00c2\u00bb R\u00e2mnicu S\u0103rat s-a desfiin\u021bat \u00een vara anului&hellip;<\/p>\n","protected":false},"author":4,"featured_media":15877,"comment_status":"closed","ping_status":"closed","sticky":false,"template":"","format":"standard","meta":{"footnotes":""},"categories":[173],"tags":[1535,579,771,5673],"class_list":["post-22269","post","type-post","status-publish","format-standard","has-post-thumbnail","hentry","category-administrativ","tag-administrare","tag-piata-centrala","tag-primaria-rm-sarat","tag-producatori-locali"],"gutentor_comment":0,"_links":{"self":[{"href":"https:\/\/scurtpe2.ro\/index.php?rest_route=\/wp\/v2\/posts\/22269","targetHints":{"allow":["GET"]}}],"collection":[{"href":"https:\/\/scurtpe2.ro\/index.php?rest_route=\/wp\/v2\/posts"}],"about":[{"href":"https:\/\/scurtpe2.ro\/index.php?rest_route=\/wp\/v2\/types\/post"}],"author":[{"embeddable":true,"href":"https:\/\/scurtpe2.ro\/index.php?rest_route=\/wp\/v2\/users\/4"}],"replies":[{"embeddable":true,"href":"https:\/\/scurtpe2.ro\/index.php?rest_route=%2Fwp%2Fv2%2Fcomments&post=22269"}],"version-history":[{"count":1,"href":"https:\/\/scurtpe2.ro\/index.php?rest_route=\/wp\/v2\/posts\/22269\/revisions"}],"predecessor-version":[{"id":22270,"href":"https:\/\/scurtpe2.ro\/index.php?rest_route=\/wp\/v2\/posts\/22269\/revisions\/22270"}],"wp:featuredmedia":[{"embeddable":true,"href":"https:\/\/scurtpe2.ro\/index.php?rest_route=\/wp\/v2\/media\/15877"}],"wp:attachment":[{"href":"https:\/\/scurtpe2.ro\/index.php?rest_route=%2Fwp%2Fv2%2Fmedia&parent=22269"}],"wp:term":[{"taxonomy":"category","embeddable":true,"href":"https:\/\/scurtpe2.ro\/index.php?rest_route=%2Fwp%2Fv2%2Fcategories&post=22269"},{"taxonomy":"post_tag","embeddable":true,"href":"https:\/\/scurtpe2.ro\/index.php?rest_route=%2Fwp%2Fv2%2Ftags&post=22269"}],"curies":[{"name":"wp","href":"https:\/\/api.w.org\/{rel}","templated":true}]}}