{"id":22244,"date":"2025-04-10T19:00:51","date_gmt":"2025-04-10T16:00:51","guid":{"rendered":"https:\/\/scurtpe2.ro\/?p=22244"},"modified":"2025-04-10T19:00:51","modified_gmt":"2025-04-10T16:00:51","slug":"vanzarea-mieilor-vii-interzisa","status":"publish","type":"post","link":"https:\/\/scurtpe2.ro\/?p=22244","title":{"rendered":"V\u00c3\u201aNZAREA MIEILOR VII, INTERZIS\u0102"},"content":{"rendered":"<p class=\"yiv3289782366ydp932c9de7msonormal\" style=\"background: white;\"><span lang=\"EN-US\" style=\"font-size: 18.0pt; color: #1d2228;\">\u0218i anul acesta, v\u00e2nzarea mieilor vii este interzis\u0103. Prin urmare, r\u00e2mnicenii nu vor putea cump\u0103ra miei din obor sau din pia\u021b\u0103. Reprezentan\u021bii Serviciului Administrare &#8222;\u009dPie\u021be, T\u00e2rguri \u0219i Oboare&#8221;\u009d R\u00e2mnicu S\u0103rat au solicitat Direc\u021biei Sanitar Veterinare \u0219i pentru Siguran\u021ba Alimentelor Buz\u0103u, sprijinul \u00een organizarea temporar\u0103 a unui t\u00e2rg pentru comercializarea mieilor \u00een viu, \u00een municipiu, \u00eens\u0103 r\u0103spunsul nu a fost unul favorabil.<\/span><\/p>\n<p class=\"yiv3289782366ydp932c9de7msonormal\" style=\"background: white;\"><span lang=\"EN-US\" style=\"font-size: 18.0pt; color: #1d2228;\">Av\u00e2nd \u00een vedere contextul epidemiologic actual, cu privire la evolu\u021bia pe teritoriul Rom\u00e2niei a pestei porcine africane \u0219i pestei micilor rumeg\u0103toare, autorit\u0103\u021bile sanitar-veterinare au prelungit interdic\u021bia func\u021bion\u0103rii t\u00e2rgurilor de animale, prin suspendarea activit\u0103\u021bii acestora, pe o perioad\u0103 nedeterminat\u0103. \u00cen acela\u0219i context, se interzic pe o perioad\u0103 nedeterminat\u0103, toate activit\u0103\u021bile care presupun aglomer\u0103rile de animale, de interes economic \u0219i zootehnic. Potrivit adresei primite din partea Direc\u021biei Sanitar Veterinare \u0219i pentru Siguran\u021ba Alimentelor Buz\u0103u, orice modificare cu privire la comercializarea animalelor va fi comunicat\u0103 \u00een cel mai scurt timp, \u00een vederea punerii \u00een aplicare.\u00c2\u00a0<\/span><\/p>\n","protected":false},"excerpt":{"rendered":"<p>\u0218i anul acesta, v\u00e2nzarea mieilor vii este interzis\u0103. Prin urmare, r\u00e2mnicenii nu vor putea cump\u0103ra miei din obor sau din pia\u021b\u0103. Reprezentan\u021bii Serviciului Administrare &#8222;\u009dPie\u021be, T\u00e2rguri \u0219i Oboare&#8221;\u009d R\u00e2mnicu S\u0103rat au solicitat Direc\u021biei Sanitar Veterinare \u0219i pentru Siguran\u021ba Alimentelor Buz\u0103u, sprijinul \u00een organizarea temporar\u0103 a unui t\u00e2rg pentru comercializarea mieilor \u00een viu, \u00een municipiu, \u00eens\u0103 r\u0103spunsul nu a fost unul favorabil. Av\u00e2nd \u00een vedere contextul epidemiologic actual, cu privire la evolu\u021bia pe teritoriul Rom\u00e2niei a pestei porcine africane \u0219i pestei micilor rumeg\u0103toare, autorit\u0103\u021bile sanitar-veterinare au prelungit interdic\u021bia func\u021bion\u0103rii t\u00e2rgurilor de&hellip;<\/p>\n","protected":false},"author":4,"featured_media":19485,"comment_status":"closed","ping_status":"closed","sticky":false,"template":"","format":"standard","meta":{"footnotes":""},"categories":[165],"tags":[545,8000,778,7167,8001],"class_list":["post-22244","post","type-post","status-publish","format-standard","has-post-thumbnail","hentry","category-informatia-de-ramnic","tag-alimente","tag-miei","tag-ramniceni","tag-sanitar-veterinar","tag-targ-animale"],"gutentor_comment":0,"_links":{"self":[{"href":"https:\/\/scurtpe2.ro\/index.php?rest_route=\/wp\/v2\/posts\/22244","targetHints":{"allow":["GET"]}}],"collection":[{"href":"https:\/\/scurtpe2.ro\/index.php?rest_route=\/wp\/v2\/posts"}],"about":[{"href":"https:\/\/scurtpe2.ro\/index.php?rest_route=\/wp\/v2\/types\/post"}],"author":[{"embeddable":true,"href":"https:\/\/scurtpe2.ro\/index.php?rest_route=\/wp\/v2\/users\/4"}],"replies":[{"embeddable":true,"href":"https:\/\/scurtpe2.ro\/index.php?rest_route=%2Fwp%2Fv2%2Fcomments&post=22244"}],"version-history":[{"count":1,"href":"https:\/\/scurtpe2.ro\/index.php?rest_route=\/wp\/v2\/posts\/22244\/revisions"}],"predecessor-version":[{"id":22245,"href":"https:\/\/scurtpe2.ro\/index.php?rest_route=\/wp\/v2\/posts\/22244\/revisions\/22245"}],"wp:featuredmedia":[{"embeddable":true,"href":"https:\/\/scurtpe2.ro\/index.php?rest_route=\/wp\/v2\/media\/19485"}],"wp:attachment":[{"href":"https:\/\/scurtpe2.ro\/index.php?rest_route=%2Fwp%2Fv2%2Fmedia&parent=22244"}],"wp:term":[{"taxonomy":"category","embeddable":true,"href":"https:\/\/scurtpe2.ro\/index.php?rest_route=%2Fwp%2Fv2%2Fcategories&post=22244"},{"taxonomy":"post_tag","embeddable":true,"href":"https:\/\/scurtpe2.ro\/index.php?rest_route=%2Fwp%2Fv2%2Ftags&post=22244"}],"curies":[{"name":"wp","href":"https:\/\/api.w.org\/{rel}","templated":true}]}}