{"id":22223,"date":"2025-04-08T16:14:33","date_gmt":"2025-04-08T13:14:33","guid":{"rendered":"https:\/\/scurtpe2.ro\/?p=22223"},"modified":"2025-04-08T19:16:15","modified_gmt":"2025-04-08T16:16:15","slug":"de-ziua-internationala-a-romilor","status":"publish","type":"post","link":"https:\/\/scurtpe2.ro\/?p=22223","title":{"rendered":"DE ZIUA INTERNA\u021aIONAL\u0102 A ROMILOR"},"content":{"rendered":"<p>&#8222;\u009dZiua Interna\u021bional\u0103 a romilor&#8221;\u009d este s\u0103rb\u0103torit\u0103, ast\u0103zi, \u0219i la R\u00e2mnicu S\u0103rat. Evenimentul va avea loc la Centrul Cultural &#8222;Florica Cristoforeanu&#8221;, \u00eencep\u00e2nd cu ora 18.00 \u0219i va cuprinde muzic\u0103 live, dansuri tradi\u021bionale, momente artistice, dar \u0219i o expozi\u021bie. Manifestarea este organizat\u0103 de Centrul Cultural \u00een parteneriat cu \u0218colile Gimnaziale R\u00e2mnicelu \u0219i B\u0103l\u0103ceanu, dar \u0219i cu elevii Centrului \u0218colar de Educa\u021bie Incluziv\u0103 R\u00e2mnicu S\u0103rat<\/p>\n<p>Intrarea la evenimentul &#8222;\u009dZiua Interna\u021bional\u0103 a romilor&#8221;\u009d este liber\u0103.<\/p>\n","protected":false},"excerpt":{"rendered":"<p>&#8222;\u009dZiua Interna\u021bional\u0103 a romilor&#8221;\u009d este s\u0103rb\u0103torit\u0103, ast\u0103zi, \u0219i la R\u00e2mnicu S\u0103rat. Evenimentul va avea loc la Centrul Cultural &#8222;Florica Cristoforeanu&#8221;, \u00eencep\u00e2nd cu ora 18.00 \u0219i va cuprinde muzic\u0103 live, dansuri tradi\u021bionale, momente artistice, dar \u0219i o expozi\u021bie. Manifestarea este organizat\u0103 de Centrul Cultural \u00een parteneriat cu \u0218colile Gimnaziale R\u00e2mnicelu \u0219i B\u0103l\u0103ceanu, dar \u0219i cu elevii Centrului \u0218colar de Educa\u021bie Incluziv\u0103 R\u00e2mnicu S\u0103rat Intrarea la evenimentul &#8222;\u009dZiua Interna\u021bional\u0103 a romilor&#8221;\u009d este liber\u0103.<\/p>\n","protected":false},"author":4,"featured_media":22224,"comment_status":"closed","ping_status":"closed","sticky":false,"template":"","format":"standard","meta":{"footnotes":""},"categories":[165],"tags":[5745,615,7989],"class_list":["post-22223","post","type-post","status-publish","format-standard","has-post-thumbnail","hentry","category-informatia-de-ramnic","tag-centrul-cultural","tag-expozitie","tag-ziua-romilor"],"gutentor_comment":0,"_links":{"self":[{"href":"https:\/\/scurtpe2.ro\/index.php?rest_route=\/wp\/v2\/posts\/22223","targetHints":{"allow":["GET"]}}],"collection":[{"href":"https:\/\/scurtpe2.ro\/index.php?rest_route=\/wp\/v2\/posts"}],"about":[{"href":"https:\/\/scurtpe2.ro\/index.php?rest_route=\/wp\/v2\/types\/post"}],"author":[{"embeddable":true,"href":"https:\/\/scurtpe2.ro\/index.php?rest_route=\/wp\/v2\/users\/4"}],"replies":[{"embeddable":true,"href":"https:\/\/scurtpe2.ro\/index.php?rest_route=%2Fwp%2Fv2%2Fcomments&post=22223"}],"version-history":[{"count":1,"href":"https:\/\/scurtpe2.ro\/index.php?rest_route=\/wp\/v2\/posts\/22223\/revisions"}],"predecessor-version":[{"id":22225,"href":"https:\/\/scurtpe2.ro\/index.php?rest_route=\/wp\/v2\/posts\/22223\/revisions\/22225"}],"wp:featuredmedia":[{"embeddable":true,"href":"https:\/\/scurtpe2.ro\/index.php?rest_route=\/wp\/v2\/media\/22224"}],"wp:attachment":[{"href":"https:\/\/scurtpe2.ro\/index.php?rest_route=%2Fwp%2Fv2%2Fmedia&parent=22223"}],"wp:term":[{"taxonomy":"category","embeddable":true,"href":"https:\/\/scurtpe2.ro\/index.php?rest_route=%2Fwp%2Fv2%2Fcategories&post=22223"},{"taxonomy":"post_tag","embeddable":true,"href":"https:\/\/scurtpe2.ro\/index.php?rest_route=%2Fwp%2Fv2%2Ftags&post=22223"}],"curies":[{"name":"wp","href":"https:\/\/api.w.org\/{rel}","templated":true}]}}