{"id":22215,"date":"2025-04-07T18:41:17","date_gmt":"2025-04-07T15:41:17","guid":{"rendered":"https:\/\/scurtpe2.ro\/?p=22215"},"modified":"2025-04-07T18:41:17","modified_gmt":"2025-04-07T15:41:17","slug":"festivalul-traditiilor","status":"publish","type":"post","link":"https:\/\/scurtpe2.ro\/?p=22215","title":{"rendered":"FESTIVALUL TRADI\u021aIILOR"},"content":{"rendered":"<p class=\"yiv5531870733ydpdfc54135msonormal\" style=\"background: white;\"><span lang=\"EN-US\" style=\"font-size: 18.0pt; color: #1d2228;\">Municipiul R\u00e2mnicu S\u0103rat a celebrat, \u00een acest weekend, folclorul autentic, tradi\u021biile \u0219i frumuse\u021bea portului rom\u00e2nesc, \u00een cadrul celei de-a doua edi\u021bii a Festivalului Concurs Na\u021bional de muzic\u0103 popular\u0103, jocuri populare \u0219i pricesne- &#8222;\u009dIzvorul Talentelor&#8221;\u009d. Aproape 100 de soli\u0219ti vocali, 24 de ansambluri folclorice \u0219i 10 grupuri vocale din mai multe jude\u021be ale \u021b\u0103rii, dar \u0219i un ansamblu folcloric din Republica Moldova au urcat pe scena Centrului Cultural &#8222;Florica Cristoforeanu&#8221;.<\/span><\/p>\n<p class=\"yiv5531870733ydpdfc54135msonormal\" style=\"background: white;\"><span lang=\"EN-US\" style=\"font-size: 18.0pt; color: #1d2228;\">Deschiderea festivalului a avut loc, s\u00e2mb\u0103t\u0103, \u00een Sala de spectacole a Centrului Cultural &#8222;Florica Cristoforeanu&#8221;, iar duminic\u0103, participan\u021bii au fost invita\u021bi la o parad\u0103 a ansamblurilor populare, pe traseul blocurile turn &#8222;\u201c Parcul Municipal &#8222;\u201c Prim\u0103rie &#8222;\u201c Centrul Cultural.<\/span><\/p>\n<p class=\"yiv5531870733ydpdfc54135msonormal\" style=\"background: white;\"><span lang=\"EN-US\" style=\"font-size: 18.0pt; color: #1d2228;\">To\u021bi participan\u021bii au \u00eenc\u00e2ntat juriul \u0219i publicul prin talent, interpretare \u0219i varietatea costumului popular.<\/span><\/p>\n<p class=\"yiv5531870733ydpdfc54135msonormal\" style=\"background: white;\"><span lang=\"EN-US\" style=\"font-size: 18.0pt; color: #1d2228;\">R\u00e2mnicenii s-au bucurat s\u0103-l aib\u0103, din nou, \u00een mijlocul lor pe maestrul coregraf Marin Barbu, care \u0219i-a serbat ziua de na\u0219tere \u00een timpul festivalului de la R\u00e2mnicu S\u0103rat.<\/span><\/p>\n","protected":false},"excerpt":{"rendered":"<p>Municipiul R\u00e2mnicu S\u0103rat a celebrat, \u00een acest weekend, folclorul autentic, tradi\u021biile \u0219i frumuse\u021bea portului rom\u00e2nesc, \u00een cadrul celei de-a doua edi\u021bii a Festivalului Concurs Na\u021bional de muzic\u0103 popular\u0103, jocuri populare \u0219i pricesne- &#8222;\u009dIzvorul Talentelor&#8221;\u009d. Aproape 100 de soli\u0219ti vocali, 24 de ansambluri folclorice \u0219i 10 grupuri vocale din mai multe jude\u021be ale \u021b\u0103rii, dar \u0219i un ansamblu folcloric din Republica Moldova au urcat pe scena Centrului Cultural &#8222;Florica Cristoforeanu&#8221;. Deschiderea festivalului a avut loc, s\u00e2mb\u0103t\u0103, \u00een Sala de spectacole a Centrului Cultural &#8222;Florica Cristoforeanu&#8221;, iar duminic\u0103, participan\u021bii au fost invita\u021bi&hellip;<\/p>\n","protected":false},"author":4,"featured_media":22216,"comment_status":"closed","ping_status":"closed","sticky":false,"template":"","format":"standard","meta":{"footnotes":""},"categories":[165],"tags":[2490,7877,7614,3935],"class_list":["post-22215","post","type-post","status-publish","format-standard","has-post-thumbnail","hentry","category-informatia-de-ramnic","tag-centru-cultural","tag-izvorul-talentelor","tag-marin-barbu","tag-traditie"],"gutentor_comment":0,"_links":{"self":[{"href":"https:\/\/scurtpe2.ro\/index.php?rest_route=\/wp\/v2\/posts\/22215","targetHints":{"allow":["GET"]}}],"collection":[{"href":"https:\/\/scurtpe2.ro\/index.php?rest_route=\/wp\/v2\/posts"}],"about":[{"href":"https:\/\/scurtpe2.ro\/index.php?rest_route=\/wp\/v2\/types\/post"}],"author":[{"embeddable":true,"href":"https:\/\/scurtpe2.ro\/index.php?rest_route=\/wp\/v2\/users\/4"}],"replies":[{"embeddable":true,"href":"https:\/\/scurtpe2.ro\/index.php?rest_route=%2Fwp%2Fv2%2Fcomments&post=22215"}],"version-history":[{"count":1,"href":"https:\/\/scurtpe2.ro\/index.php?rest_route=\/wp\/v2\/posts\/22215\/revisions"}],"predecessor-version":[{"id":22217,"href":"https:\/\/scurtpe2.ro\/index.php?rest_route=\/wp\/v2\/posts\/22215\/revisions\/22217"}],"wp:featuredmedia":[{"embeddable":true,"href":"https:\/\/scurtpe2.ro\/index.php?rest_route=\/wp\/v2\/media\/22216"}],"wp:attachment":[{"href":"https:\/\/scurtpe2.ro\/index.php?rest_route=%2Fwp%2Fv2%2Fmedia&parent=22215"}],"wp:term":[{"taxonomy":"category","embeddable":true,"href":"https:\/\/scurtpe2.ro\/index.php?rest_route=%2Fwp%2Fv2%2Fcategories&post=22215"},{"taxonomy":"post_tag","embeddable":true,"href":"https:\/\/scurtpe2.ro\/index.php?rest_route=%2Fwp%2Fv2%2Ftags&post=22215"}],"curies":[{"name":"wp","href":"https:\/\/api.w.org\/{rel}","templated":true}]}}