{"id":22188,"date":"2025-04-03T17:42:59","date_gmt":"2025-04-03T14:42:59","guid":{"rendered":"https:\/\/scurtpe2.ro\/?p=22188"},"modified":"2025-04-04T13:44:15","modified_gmt":"2025-04-04T10:44:15","slug":"tichete-sociale-pentru-masa-de-paste","status":"publish","type":"post","link":"https:\/\/scurtpe2.ro\/?p=22188","title":{"rendered":"TICHETE SOCIALE PENTRU MASA DE PA\u0218TE"},"content":{"rendered":"<p class=\"yiv4687131967ydp688a2f2msonormal\" style=\"background: white;\"><span lang=\"EN-US\" style=\"font-size: 18.0pt;\">150 de familii \u0219i persoane singure, aflate \u00een situatii de necesitate sau deosebite din municipiul R\u00e2mnicu S\u0103rat, vor primi tichete sociale pentru a-\u0219i procura alimente cu ocazia S\u0103rb\u0103torilor Pascale. \u00cen acest sens, Consiliul Local Municipal a aprobat alocarea sumei de 22.500 lei, fiecare beneficiar urm\u00e2nd a primi un tichet social \u00een valoare de 150 de lei. Lista r\u00e2mnicenilor ce urmeaz\u0103 s\u0103 primeasc\u0103 tichetele sociale este \u00eentocmit\u0103 de c\u0103tre Direc\u021bia de Asisten\u021b\u0103 Social\u0103.<\/span><\/p>\n<p class=\"yiv4687131967ydp688a2f2msonormal\" style=\"background: white;\"><span lang=\"EN-US\" style=\"font-size: 18.0pt;\">To\u021bi beneficiarii se afl\u0103 \u00een situa\u021bie de risc \u0219i se \u00eencadreaz\u0103 \u00een criteriile de acordare a ajutoarelor de urgen\u021b\u0103. Distribuirea tichetelor sociale se va face de c\u0103tre Direc\u021bia de Asisten\u021b\u0103 Social\u0103 R\u00e2mnicu S\u0103rat.\u00c2\u00a0\u00c2\u00a0<\/span><\/p>\n","protected":false},"excerpt":{"rendered":"<p>150 de familii \u0219i persoane singure, aflate \u00een situatii de necesitate sau deosebite din municipiul R\u00e2mnicu S\u0103rat, vor primi tichete sociale pentru a-\u0219i procura alimente cu ocazia S\u0103rb\u0103torilor Pascale. \u00cen acest sens, Consiliul Local Municipal a aprobat alocarea sumei de 22.500 lei, fiecare beneficiar urm\u00e2nd a primi un tichet social \u00een valoare de 150 de lei. Lista r\u00e2mnicenilor ce urmeaz\u0103 s\u0103 primeasc\u0103 tichetele sociale este \u00eentocmit\u0103 de c\u0103tre Direc\u021bia de Asisten\u021b\u0103 Social\u0103. To\u021bi beneficiarii se afl\u0103 \u00een situa\u021bie de risc \u0219i se \u00eencadreaz\u0103 \u00een criteriile de acordare a ajutoarelor de&hellip;<\/p>\n","protected":false},"author":4,"featured_media":19479,"comment_status":"closed","ping_status":"closed","sticky":false,"template":"","format":"standard","meta":{"footnotes":""},"categories":[165],"tags":[7984,938,3903],"class_list":["post-22188","post","type-post","status-publish","format-standard","has-post-thumbnail","hentry","category-informatia-de-ramnic","tag-alimente-pasti","tag-asistenta-sociala","tag-tichete-sociale"],"gutentor_comment":0,"_links":{"self":[{"href":"https:\/\/scurtpe2.ro\/index.php?rest_route=\/wp\/v2\/posts\/22188","targetHints":{"allow":["GET"]}}],"collection":[{"href":"https:\/\/scurtpe2.ro\/index.php?rest_route=\/wp\/v2\/posts"}],"about":[{"href":"https:\/\/scurtpe2.ro\/index.php?rest_route=\/wp\/v2\/types\/post"}],"author":[{"embeddable":true,"href":"https:\/\/scurtpe2.ro\/index.php?rest_route=\/wp\/v2\/users\/4"}],"replies":[{"embeddable":true,"href":"https:\/\/scurtpe2.ro\/index.php?rest_route=%2Fwp%2Fv2%2Fcomments&post=22188"}],"version-history":[{"count":1,"href":"https:\/\/scurtpe2.ro\/index.php?rest_route=\/wp\/v2\/posts\/22188\/revisions"}],"predecessor-version":[{"id":22189,"href":"https:\/\/scurtpe2.ro\/index.php?rest_route=\/wp\/v2\/posts\/22188\/revisions\/22189"}],"wp:featuredmedia":[{"embeddable":true,"href":"https:\/\/scurtpe2.ro\/index.php?rest_route=\/wp\/v2\/media\/19479"}],"wp:attachment":[{"href":"https:\/\/scurtpe2.ro\/index.php?rest_route=%2Fwp%2Fv2%2Fmedia&parent=22188"}],"wp:term":[{"taxonomy":"category","embeddable":true,"href":"https:\/\/scurtpe2.ro\/index.php?rest_route=%2Fwp%2Fv2%2Fcategories&post=22188"},{"taxonomy":"post_tag","embeddable":true,"href":"https:\/\/scurtpe2.ro\/index.php?rest_route=%2Fwp%2Fv2%2Ftags&post=22188"}],"curies":[{"name":"wp","href":"https:\/\/api.w.org\/{rel}","templated":true}]}}