{"id":22148,"date":"2025-03-31T17:06:14","date_gmt":"2025-03-31T14:06:14","guid":{"rendered":"https:\/\/scurtpe2.ro\/?p=22148"},"modified":"2025-03-31T17:06:14","modified_gmt":"2025-03-31T14:06:14","slug":"un-apeduct-strategic","status":"publish","type":"post","link":"https:\/\/scurtpe2.ro\/?p=22148","title":{"rendered":"UN APEDUCT STRATEGIC"},"content":{"rendered":"<p>Autorit\u0103\u021bile buzoiene au \u00een vedere un proiect strategic privind alimentarea cu ap\u0103 potabil\u0103 a jude\u021bului. Este vorba despre &#8222;\u017eApeductul Siriu&#8221;\u009d, investi\u021bie care va fi derulat\u0103, \u00een comun, de Compania de Ap\u0103 Buz\u0103u \u0219i Consiliul Jude\u021bean Buz\u0103u \u0219i care a fost inclus\u0103 \u00een forma final\u0103 a noului &#8222;\u017eMasterplan al jude\u021bului Buz\u0103u pentru ap\u0103 \u0219i ap\u0103 uzat\u0103&#8221;\u009d. Apeductul porne\u0219te din lacul de acumulare Siriu, coboar\u0103 prin localit\u0103\u021bile de pe Valea Buz\u0103ului p\u00e2n\u0103 \u00een ora\u0219ul re\u0219edin\u021b\u0103 de jude\u021b, iar apoi trece prin zona de est a B\u0103r\u0103ganului, p\u00e2n\u0103 spre C\u00e2mpia R\u00e2mnicului. Din aduc\u021biunea Siriu se vor putea alimenta cu ap\u0103 localit\u0103\u021bile P\u0103t\u00e2rlagele, P\u00e2rscov, Unguriu, Po\u0219ta C\u00e2ln\u0103u, Cochirleanca, B\u0103l\u0103ceanu, Ziduri, Ghergheasa, Boldu, R\u00e2mnicelu, Balta Alb\u0103, V\u00e2lcelele, Vadu Pa\u0219ii, S\u0103geata, Robeasca, G\u0103lbina\u0219i, Cilibia, C.A. Rosetti \u0219i Ru\u0219e\u021bu. Potrivit reprezentan\u021bilor Companiei de Ap\u0103 Buz\u0103u investi\u021bia se impune de urgen\u021b\u0103, \u00een condi\u021biile \u00een care lipsa precipita\u021biilor \u0219i utilizarea intens\u0103 a \u00eengr\u0103\u0219\u0103mintelor chimice \u00een agricultur\u0103 au f\u0103cut ca apa din p\u00e2nza freatic\u0103 s\u0103 devin\u0103 chiar inutilizabil\u0103 \u00een anumite zone ale jude\u021bului.<\/p>\n<p>&nbsp;<\/p>\n<p>&nbsp;<\/p>\n","protected":false},"excerpt":{"rendered":"<p>Autorit\u0103\u021bile buzoiene au \u00een vedere un proiect strategic privind alimentarea cu ap\u0103 potabil\u0103 a jude\u021bului. Este vorba despre &#8222;\u017eApeductul Siriu&#8221;\u009d, investi\u021bie care va fi derulat\u0103, \u00een comun, de Compania de Ap\u0103 Buz\u0103u \u0219i Consiliul Jude\u021bean Buz\u0103u \u0219i care a fost inclus\u0103 \u00een forma final\u0103 a noului &#8222;\u017eMasterplan al jude\u021bului Buz\u0103u pentru ap\u0103 \u0219i ap\u0103 uzat\u0103&#8221;\u009d. Apeductul porne\u0219te din lacul de acumulare Siriu, coboar\u0103 prin localit\u0103\u021bile de pe Valea Buz\u0103ului p\u00e2n\u0103 \u00een ora\u0219ul re\u0219edin\u021b\u0103 de jude\u021b, iar apoi trece prin zona de est a B\u0103r\u0103ganului, p\u00e2n\u0103 spre C\u00e2mpia R\u00e2mnicului. Din aduc\u021biunea&hellip;<\/p>\n","protected":false},"author":4,"featured_media":16985,"comment_status":"closed","ping_status":"closed","sticky":false,"template":"","format":"standard","meta":{"footnotes":""},"categories":[173],"tags":[678,7974,1844,4201],"class_list":["post-22148","post","type-post","status-publish","format-standard","has-post-thumbnail","hentry","category-administrativ","tag-apa","tag-apeduct","tag-compania-de-apa","tag-siriu"],"gutentor_comment":0,"_links":{"self":[{"href":"https:\/\/scurtpe2.ro\/index.php?rest_route=\/wp\/v2\/posts\/22148","targetHints":{"allow":["GET"]}}],"collection":[{"href":"https:\/\/scurtpe2.ro\/index.php?rest_route=\/wp\/v2\/posts"}],"about":[{"href":"https:\/\/scurtpe2.ro\/index.php?rest_route=\/wp\/v2\/types\/post"}],"author":[{"embeddable":true,"href":"https:\/\/scurtpe2.ro\/index.php?rest_route=\/wp\/v2\/users\/4"}],"replies":[{"embeddable":true,"href":"https:\/\/scurtpe2.ro\/index.php?rest_route=%2Fwp%2Fv2%2Fcomments&post=22148"}],"version-history":[{"count":1,"href":"https:\/\/scurtpe2.ro\/index.php?rest_route=\/wp\/v2\/posts\/22148\/revisions"}],"predecessor-version":[{"id":22149,"href":"https:\/\/scurtpe2.ro\/index.php?rest_route=\/wp\/v2\/posts\/22148\/revisions\/22149"}],"wp:featuredmedia":[{"embeddable":true,"href":"https:\/\/scurtpe2.ro\/index.php?rest_route=\/wp\/v2\/media\/16985"}],"wp:attachment":[{"href":"https:\/\/scurtpe2.ro\/index.php?rest_route=%2Fwp%2Fv2%2Fmedia&parent=22148"}],"wp:term":[{"taxonomy":"category","embeddable":true,"href":"https:\/\/scurtpe2.ro\/index.php?rest_route=%2Fwp%2Fv2%2Fcategories&post=22148"},{"taxonomy":"post_tag","embeddable":true,"href":"https:\/\/scurtpe2.ro\/index.php?rest_route=%2Fwp%2Fv2%2Ftags&post=22148"}],"curies":[{"name":"wp","href":"https:\/\/api.w.org\/{rel}","templated":true}]}}