{"id":22144,"date":"2025-03-31T17:02:45","date_gmt":"2025-03-31T14:02:45","guid":{"rendered":"https:\/\/scurtpe2.ro\/?p=22144"},"modified":"2025-03-31T17:02:45","modified_gmt":"2025-03-31T14:02:45","slug":"proiect-inedit-3","status":"publish","type":"post","link":"https:\/\/scurtpe2.ro\/?p=22144","title":{"rendered":"PROIECT INEDIT"},"content":{"rendered":"<p>Muzeul Municipal &#8222;\u009dOctavian Mo\u0219escu&#8221;\u009d din R\u00e2mnicu S\u0103rat ini\u021biaz\u0103 un nou proiect inedit. \u00cen urma unui parteneriat cu Muzeul Olteniei din Craiova, institu\u021bia de cultur\u0103 va \u00c2\u00a0g\u0103zdui expozi\u021bia itinerant\u0103 &#8222;\u009dMaria T\u0103nase&#8221;\u009d. Expozi\u021bia va cuprinde aproximativ 1400 de obiecte care au apar\u021binut celebrei artiste \u0219i va putea fi vizitat\u0103, la R\u00e2mnicu S\u0103rat, \u00een perioada iunie-septembrie.<\/p>\n<p>Maria T\u0103nase a fost o celebr\u0103\u00c2\u00a0\u00c2\u00a0interpret\u0103 de muzic\u0103 popular\u0103, u\u0219oar\u0103, l\u0103ut\u0103reasc\u0103, roman\u021be \u0219i de teatru de revist\u0103.<\/p>\n","protected":false},"excerpt":{"rendered":"<p>Muzeul Municipal &#8222;\u009dOctavian Mo\u0219escu&#8221;\u009d din R\u00e2mnicu S\u0103rat ini\u021biaz\u0103 un nou proiect inedit. \u00cen urma unui parteneriat cu Muzeul Olteniei din Craiova, institu\u021bia de cultur\u0103 va \u00c2\u00a0g\u0103zdui expozi\u021bia itinerant\u0103 &#8222;\u009dMaria T\u0103nase&#8221;\u009d. Expozi\u021bia va cuprinde aproximativ 1400 de obiecte care au apar\u021binut celebrei artiste \u0219i va putea fi vizitat\u0103, la R\u00e2mnicu S\u0103rat, \u00een perioada iunie-septembrie. Maria T\u0103nase a fost o celebr\u0103\u00c2\u00a0\u00c2\u00a0interpret\u0103 de muzic\u0103 popular\u0103, u\u0219oar\u0103, l\u0103ut\u0103reasc\u0103, roman\u021be \u0219i de teatru de revist\u0103.<\/p>\n","protected":false},"author":4,"featured_media":19684,"comment_status":"closed","ping_status":"closed","sticky":false,"template":"","format":"standard","meta":{"footnotes":""},"categories":[165],"tags":[615,7973,7933],"class_list":["post-22144","post","type-post","status-publish","format-standard","has-post-thumbnail","hentry","category-informatia-de-ramnic","tag-expozitie","tag-maria-tanase","tag-muzeu-mosescu"],"gutentor_comment":0,"_links":{"self":[{"href":"https:\/\/scurtpe2.ro\/index.php?rest_route=\/wp\/v2\/posts\/22144","targetHints":{"allow":["GET"]}}],"collection":[{"href":"https:\/\/scurtpe2.ro\/index.php?rest_route=\/wp\/v2\/posts"}],"about":[{"href":"https:\/\/scurtpe2.ro\/index.php?rest_route=\/wp\/v2\/types\/post"}],"author":[{"embeddable":true,"href":"https:\/\/scurtpe2.ro\/index.php?rest_route=\/wp\/v2\/users\/4"}],"replies":[{"embeddable":true,"href":"https:\/\/scurtpe2.ro\/index.php?rest_route=%2Fwp%2Fv2%2Fcomments&post=22144"}],"version-history":[{"count":1,"href":"https:\/\/scurtpe2.ro\/index.php?rest_route=\/wp\/v2\/posts\/22144\/revisions"}],"predecessor-version":[{"id":22145,"href":"https:\/\/scurtpe2.ro\/index.php?rest_route=\/wp\/v2\/posts\/22144\/revisions\/22145"}],"wp:featuredmedia":[{"embeddable":true,"href":"https:\/\/scurtpe2.ro\/index.php?rest_route=\/wp\/v2\/media\/19684"}],"wp:attachment":[{"href":"https:\/\/scurtpe2.ro\/index.php?rest_route=%2Fwp%2Fv2%2Fmedia&parent=22144"}],"wp:term":[{"taxonomy":"category","embeddable":true,"href":"https:\/\/scurtpe2.ro\/index.php?rest_route=%2Fwp%2Fv2%2Fcategories&post=22144"},{"taxonomy":"post_tag","embeddable":true,"href":"https:\/\/scurtpe2.ro\/index.php?rest_route=%2Fwp%2Fv2%2Ftags&post=22144"}],"curies":[{"name":"wp","href":"https:\/\/api.w.org\/{rel}","templated":true}]}}