{"id":22097,"date":"2025-03-25T20:02:58","date_gmt":"2025-03-25T17:02:58","guid":{"rendered":"https:\/\/scurtpe2.ro\/?p=22097"},"modified":"2025-03-25T20:02:58","modified_gmt":"2025-03-25T17:02:58","slug":"milioane-de-euro-salvate","status":"publish","type":"post","link":"https:\/\/scurtpe2.ro\/?p=22097","title":{"rendered":"MILIOANE DE EURO ,,SALVATE-\u009d"},"content":{"rendered":"<p>Consiliul Jude\u021bean Buz\u0103u pare s\u0103 fi g\u0103sit terenul necesar amplas\u0103rii unei sta\u021bii de sortare a gunoaielor menajere. Suprafa\u021ba respectiv\u0103 a fost pus\u0103 la dispozi\u021bie de comuna Vadu Pa\u0219ii. Calculele preliminare indicau o cheltuial\u0103 de aproape 5.000.000 de euro de la bugetul propriu al jude\u021bului Buz\u0103u.<\/p>\n<p>Pre\u0219edintele Consiliului Jude\u021bean Buz\u0103u, Lucian Roma\u0219canu, spune c\u0103, dup\u0103 identificarea terenului, urmeaz\u0103 pa\u0219i importan\u021bi de urmat pentru realizarea planului privind managementul de\u0219eurilor.<\/p>\n<p>\u00cen acest an, pre\u0219edintele Consiliului Jude\u021bean Buz\u0103u Lucian Roma\u0219canu a vizitat o unitate model \u00een Fran\u021ba, unde este dezvoltat\u0103 una dintre cele mai performante sta\u021bii de sortare a gunoiului. Aceasta proceseaz\u0103 circa 80.000 tone gunoi anual, similar jude\u021bului Buz\u0103u, r\u0103m\u00e2n\u00e2nd de dus la groap\u0103 doar maxim 10 la sut\u0103, restul fiind, fie reciclat, fie transformat \u00een compost pentru agricultur\u0103 sau \u00een combustibil. Totul este aproape integral automatizat, iar num\u0103rul de angaja\u021bi este de 18, care lucreaz\u0103 \u00een dou\u0103 schimburi.<\/p>\n","protected":false},"excerpt":{"rendered":"<p>Consiliul Jude\u021bean Buz\u0103u pare s\u0103 fi g\u0103sit terenul necesar amplas\u0103rii unei sta\u021bii de sortare a gunoaielor menajere. Suprafa\u021ba respectiv\u0103 a fost pus\u0103 la dispozi\u021bie de comuna Vadu Pa\u0219ii. Calculele preliminare indicau o cheltuial\u0103 de aproape 5.000.000 de euro de la bugetul propriu al jude\u021bului Buz\u0103u. Pre\u0219edintele Consiliului Jude\u021bean Buz\u0103u, Lucian Roma\u0219canu, spune c\u0103, dup\u0103 identificarea terenului, urmeaz\u0103 pa\u0219i importan\u021bi de urmat pentru realizarea planului privind managementul de\u0219eurilor. \u00cen acest an, pre\u0219edintele Consiliului Jude\u021bean Buz\u0103u Lucian Roma\u0219canu a vizitat o unitate model \u00een Fran\u021ba, unde este dezvoltat\u0103 una dintre cele mai&hellip;<\/p>\n","protected":false},"author":4,"featured_media":22100,"comment_status":"closed","ping_status":"closed","sticky":false,"template":"","format":"standard","meta":{"footnotes":""},"categories":[173],"tags":[523,7959,1863,7958,1141],"class_list":["post-22097","post","type-post","status-publish","format-standard","has-post-thumbnail","hentry","category-administrativ","tag-consiliu-judetean","tag-deseuri-menajere","tag-euro","tag-sortare-gunoi","tag-teren"],"gutentor_comment":0,"_links":{"self":[{"href":"https:\/\/scurtpe2.ro\/index.php?rest_route=\/wp\/v2\/posts\/22097","targetHints":{"allow":["GET"]}}],"collection":[{"href":"https:\/\/scurtpe2.ro\/index.php?rest_route=\/wp\/v2\/posts"}],"about":[{"href":"https:\/\/scurtpe2.ro\/index.php?rest_route=\/wp\/v2\/types\/post"}],"author":[{"embeddable":true,"href":"https:\/\/scurtpe2.ro\/index.php?rest_route=\/wp\/v2\/users\/4"}],"replies":[{"embeddable":true,"href":"https:\/\/scurtpe2.ro\/index.php?rest_route=%2Fwp%2Fv2%2Fcomments&post=22097"}],"version-history":[{"count":2,"href":"https:\/\/scurtpe2.ro\/index.php?rest_route=\/wp\/v2\/posts\/22097\/revisions"}],"predecessor-version":[{"id":22102,"href":"https:\/\/scurtpe2.ro\/index.php?rest_route=\/wp\/v2\/posts\/22097\/revisions\/22102"}],"wp:featuredmedia":[{"embeddable":true,"href":"https:\/\/scurtpe2.ro\/index.php?rest_route=\/wp\/v2\/media\/22100"}],"wp:attachment":[{"href":"https:\/\/scurtpe2.ro\/index.php?rest_route=%2Fwp%2Fv2%2Fmedia&parent=22097"}],"wp:term":[{"taxonomy":"category","embeddable":true,"href":"https:\/\/scurtpe2.ro\/index.php?rest_route=%2Fwp%2Fv2%2Fcategories&post=22097"},{"taxonomy":"post_tag","embeddable":true,"href":"https:\/\/scurtpe2.ro\/index.php?rest_route=%2Fwp%2Fv2%2Ftags&post=22097"}],"curies":[{"name":"wp","href":"https:\/\/api.w.org\/{rel}","templated":true}]}}