{"id":22086,"date":"2025-03-24T20:02:14","date_gmt":"2025-03-24T17:02:14","guid":{"rendered":"https:\/\/scurtpe2.ro\/?p=22086"},"modified":"2025-03-24T20:02:14","modified_gmt":"2025-03-24T17:02:14","slug":"curatenie-de-primavara","status":"publish","type":"post","link":"https:\/\/scurtpe2.ro\/?p=22086","title":{"rendered":"CUR\u0102\u021aENIE DE PRIM\u0102VAR\u0102"},"content":{"rendered":"<p class=\"yiv5338069695ydp43bfe3ccmsonormal\" style=\"background: white;\"><span lang=\"EN-US\" style=\"font-size: 18.0pt; color: #1d2228;\">Campania de cur\u0103\u021benie de prim\u0103var\u0103 este \u00een toi \u0219i la Rm S\u0103rat! Ac\u021biunea de ecologizare a \u00eenceput \u00eenc\u0103 din luna ianuarie, pentru c\u0103 vremea a permis. De atunci, echipele Administra\u021biei Domeniului Public, dar \u0219i alte institu\u021bii responsabile cu salubrizarea municipiului s-au concentrat pe str\u00e2ngerea de\u0219eurilor vegetale din toate cartierele ora\u0219ului, astfel \u00eenc\u00e2t, ulterior, s\u0103 demareze alte lucr\u0103ri de amenajare \u0219i plant\u0103ri de arbori.\u00c2\u00a0Campania de ecologizare va continua p\u00e2n\u0103 la sf\u00e2r\u0219itul lunii aprilie.<\/span><\/p>\n<p class=\"yiv5338069695ydp43bfe3ccmsonormal\" style=\"background: white;\"><span lang=\"EN-US\" style=\"font-size: 18.0pt; color: #1d2228;\">Reprezentan\u021bii ADP apreciaz\u0103 \u0219i ini\u021biativa r\u00e2mnicenilor care \u0219i-au amenajat spa\u021biile verzi de l\u00e2ng\u0103 blocuri.<\/span><\/p>\n<p class=\"yiv5338069695ydp43bfe3ccmsonormal\" style=\"background: white;\"><span lang=\"EN-US\" style=\"font-size: 18.0pt; color: #1d2228;\">Autorit\u0103\u021bile din Rm S\u0103rat \u00eendeamn\u0103 \u00een continuare cet\u0103\u021benii s\u0103 respecte legea \u0219i s\u0103 depoziteze gunoiul doar \u00een locurile special amenajate.<\/span><\/p>\n","protected":false},"excerpt":{"rendered":"<p>Campania de cur\u0103\u021benie de prim\u0103var\u0103 este \u00een toi \u0219i la Rm S\u0103rat! Ac\u021biunea de ecologizare a \u00eenceput \u00eenc\u0103 din luna ianuarie, pentru c\u0103 vremea a permis. De atunci, echipele Administra\u021biei Domeniului Public, dar \u0219i alte institu\u021bii responsabile cu salubrizarea municipiului s-au concentrat pe str\u00e2ngerea de\u0219eurilor vegetale din toate cartierele ora\u0219ului, astfel \u00eenc\u00e2t, ulterior, s\u0103 demareze alte lucr\u0103ri de amenajare \u0219i plant\u0103ri de arbori.\u00c2\u00a0Campania de ecologizare va continua p\u00e2n\u0103 la sf\u00e2r\u0219itul lunii aprilie. Reprezentan\u021bii ADP apreciaz\u0103 \u0219i ini\u021biativa r\u00e2mnicenilor care \u0219i-au amenajat spa\u021biile verzi de l\u00e2ng\u0103 blocuri. Autorit\u0103\u021bile din Rm S\u0103rat&hellip;<\/p>\n","protected":false},"author":4,"featured_media":22087,"comment_status":"closed","ping_status":"closed","sticky":false,"template":"","format":"standard","meta":{"footnotes":""},"categories":[173,165],"tags":[980,1464,1617,4041],"class_list":["post-22086","post","type-post","status-publish","format-standard","has-post-thumbnail","hentry","category-administrativ","category-informatia-de-ramnic","tag-adp-rm-sarat","tag-arbori","tag-curatenie","tag-ecologizare"],"gutentor_comment":0,"_links":{"self":[{"href":"https:\/\/scurtpe2.ro\/index.php?rest_route=\/wp\/v2\/posts\/22086","targetHints":{"allow":["GET"]}}],"collection":[{"href":"https:\/\/scurtpe2.ro\/index.php?rest_route=\/wp\/v2\/posts"}],"about":[{"href":"https:\/\/scurtpe2.ro\/index.php?rest_route=\/wp\/v2\/types\/post"}],"author":[{"embeddable":true,"href":"https:\/\/scurtpe2.ro\/index.php?rest_route=\/wp\/v2\/users\/4"}],"replies":[{"embeddable":true,"href":"https:\/\/scurtpe2.ro\/index.php?rest_route=%2Fwp%2Fv2%2Fcomments&post=22086"}],"version-history":[{"count":1,"href":"https:\/\/scurtpe2.ro\/index.php?rest_route=\/wp\/v2\/posts\/22086\/revisions"}],"predecessor-version":[{"id":22088,"href":"https:\/\/scurtpe2.ro\/index.php?rest_route=\/wp\/v2\/posts\/22086\/revisions\/22088"}],"wp:featuredmedia":[{"embeddable":true,"href":"https:\/\/scurtpe2.ro\/index.php?rest_route=\/wp\/v2\/media\/22087"}],"wp:attachment":[{"href":"https:\/\/scurtpe2.ro\/index.php?rest_route=%2Fwp%2Fv2%2Fmedia&parent=22086"}],"wp:term":[{"taxonomy":"category","embeddable":true,"href":"https:\/\/scurtpe2.ro\/index.php?rest_route=%2Fwp%2Fv2%2Fcategories&post=22086"},{"taxonomy":"post_tag","embeddable":true,"href":"https:\/\/scurtpe2.ro\/index.php?rest_route=%2Fwp%2Fv2%2Ftags&post=22086"}],"curies":[{"name":"wp","href":"https:\/\/api.w.org\/{rel}","templated":true}]}}