{"id":21997,"date":"2025-03-11T20:33:18","date_gmt":"2025-03-11T17:33:18","guid":{"rendered":"https:\/\/scurtpe2.ro\/?p=21997"},"modified":"2025-03-13T12:11:20","modified_gmt":"2025-03-13T09:11:20","slug":"intalnire-cu-primarii","status":"publish","type":"post","link":"https:\/\/scurtpe2.ro\/?p=21997","title":{"rendered":"\u00ceNT\u00c3\u201aLNIRE CU PRIMARII"},"content":{"rendered":"<p>Prefectul jude\u021bului Buz\u0103u, Liliana Sb\u00eernea, s-a \u00eent\u00e2lnit, ast\u0103zi, la Rm S\u0103rat cu primarii comunelor de l\u00e2ng\u0103 municipiu. La eveniment a fost prezent subprefectul Vasile Dobre, Mihail directorul cancelariei prefectului Gabriel Ilie, dar \u0219i mai mul\u021bi reprezentan\u021bi ai institu\u021biilor deconcentrate: Agen\u021bia pentru Protec\u021bia Mediului, Inspectoratul pentru Situa\u021bii de Urgen\u021b\u0103, Direc\u021bia Silvic\u0103, Comisariatul Jude\u021bean Buz\u0103u al G\u0103rzii de Mediu, Garda Forestier\u0103 Jude\u021bean\u0103 Buz\u0103u, Agen\u021bia de Pl\u0103\u021bi \u00een Agricultur\u0103, Inspectoratul Jude\u021bean de Poli\u021bie, precum \u0219i Inspectoratul Jude\u021bean de Jandarmerie. Temele abordate au vizat descurajarea incendierii necontrolate a vegeta\u021biei agricole \u0219i forestiere, sanc\u021bionarea celor vinova\u021bi, precum \u0219i prevenirea \u0219i combaterea atacurilor ur\u0219ilor asupra bunurilor \u0219i persoanelor. O alt\u0103 problem\u0103 semnalat\u0103 \u00een zona Rm. S\u0103rat o reprezint\u0103 apari\u021bia \u0219acalilor.<\/p>\n<p>\u00cen cadrul \u00eent\u00e2lnirii de la Centrul Cultural &#8222;\u009dFlorica Cristoforeanu&#8221;\u009d a fost prezentat\u0103 \u0219i planificarea instructajelor de preg\u0103tire organizate de ISU cu pre\u0219edin\u021bii comitetelor locale pentru situa\u021bii de urgen\u021b\u0103 \u0219i \u0219efii centrelor opera\u021bionale, pentru anul 2025.<\/p>\n","protected":false},"excerpt":{"rendered":"<p>Prefectul jude\u021bului Buz\u0103u, Liliana Sb\u00eernea, s-a \u00eent\u00e2lnit, ast\u0103zi, la Rm S\u0103rat cu primarii comunelor de l\u00e2ng\u0103 municipiu. La eveniment a fost prezent subprefectul Vasile Dobre, Mihail directorul cancelariei prefectului Gabriel Ilie, dar \u0219i mai mul\u021bi reprezentan\u021bi ai institu\u021biilor deconcentrate: Agen\u021bia pentru Protec\u021bia Mediului, Inspectoratul pentru Situa\u021bii de Urgen\u021b\u0103, Direc\u021bia Silvic\u0103, Comisariatul Jude\u021bean Buz\u0103u al G\u0103rzii de Mediu, Garda Forestier\u0103 Jude\u021bean\u0103 Buz\u0103u, Agen\u021bia de Pl\u0103\u021bi \u00een Agricultur\u0103, Inspectoratul Jude\u021bean de Poli\u021bie, precum \u0219i Inspectoratul Jude\u021bean de Jandarmerie. Temele abordate au vizat descurajarea incendierii necontrolate a vegeta\u021biei agricole \u0219i forestiere, sanc\u021bionarea celor&hellip;<\/p>\n","protected":false},"author":4,"featured_media":22011,"comment_status":"closed","ping_status":"closed","sticky":false,"template":"","format":"standard","meta":{"footnotes":""},"categories":[168,165],"tags":[7103,3513,1526,694,247],"class_list":["post-21997","post","type-post","status-publish","format-standard","has-post-thumbnail","hentry","category-informatia-de-buzau","category-informatia-de-ramnic","tag-jandarmerie","tag-liliana-sbirnea","tag-mediu","tag-prefect","tag-rm-sarat"],"gutentor_comment":0,"_links":{"self":[{"href":"https:\/\/scurtpe2.ro\/index.php?rest_route=\/wp\/v2\/posts\/21997","targetHints":{"allow":["GET"]}}],"collection":[{"href":"https:\/\/scurtpe2.ro\/index.php?rest_route=\/wp\/v2\/posts"}],"about":[{"href":"https:\/\/scurtpe2.ro\/index.php?rest_route=\/wp\/v2\/types\/post"}],"author":[{"embeddable":true,"href":"https:\/\/scurtpe2.ro\/index.php?rest_route=\/wp\/v2\/users\/4"}],"replies":[{"embeddable":true,"href":"https:\/\/scurtpe2.ro\/index.php?rest_route=%2Fwp%2Fv2%2Fcomments&post=21997"}],"version-history":[{"count":1,"href":"https:\/\/scurtpe2.ro\/index.php?rest_route=\/wp\/v2\/posts\/21997\/revisions"}],"predecessor-version":[{"id":21999,"href":"https:\/\/scurtpe2.ro\/index.php?rest_route=\/wp\/v2\/posts\/21997\/revisions\/21999"}],"wp:featuredmedia":[{"embeddable":true,"href":"https:\/\/scurtpe2.ro\/index.php?rest_route=\/wp\/v2\/media\/22011"}],"wp:attachment":[{"href":"https:\/\/scurtpe2.ro\/index.php?rest_route=%2Fwp%2Fv2%2Fmedia&parent=21997"}],"wp:term":[{"taxonomy":"category","embeddable":true,"href":"https:\/\/scurtpe2.ro\/index.php?rest_route=%2Fwp%2Fv2%2Fcategories&post=21997"},{"taxonomy":"post_tag","embeddable":true,"href":"https:\/\/scurtpe2.ro\/index.php?rest_route=%2Fwp%2Fv2%2Ftags&post=21997"}],"curies":[{"name":"wp","href":"https:\/\/api.w.org\/{rel}","templated":true}]}}