{"id":21939,"date":"2025-03-04T18:21:12","date_gmt":"2025-03-04T15:21:12","guid":{"rendered":"https:\/\/scurtpe2.ro\/?p=21939"},"modified":"2025-03-05T18:26:23","modified_gmt":"2025-03-05T15:26:23","slug":"prinsi-in-flagrant-delict","status":"publish","type":"post","link":"https:\/\/scurtpe2.ro\/?p=21939","title":{"rendered":"PRIN\u0218I \u00ceN FLAGRANT DELICT"},"content":{"rendered":"<p>Mai multe furturi de cabluri semnalate \u00een comuna buzoian\u0103 Valea Salciei i-au pus \u00een alert\u0103 pe poli\u021bi\u0219tii r\u00e2mniceni. Mai exact, din luna august 2024 \u0219i p\u00e2n\u0103 \u00een prezent, patru b\u0103rba\u021bi, cu v\u00e2rste cuprinse \u00eentre 25 \u0219i 37 de ani, de fel din Moine\u0219ti, jude\u021bul Bac\u0103u, au furat aproximativ 300 de metri de cablu. Poli\u021bi\u0219tii r\u00e2mniceni au demarat cercet\u0103ri, astfel c\u0103, zilele trecute, i-au prins \u00een flagrant delict pe ho\u021bi, la Moine\u0219ti, chiar \u00een timp ce se preg\u0103teau de o nou\u0103 lovitur\u0103. La vederea poli\u021bi\u0219tilor, ho\u021bii au \u00eencercat s\u0103 fug\u0103, \u00eens\u0103 ei au fost prin\u0219i \u00een scurt timp.<\/p>\n<p>La scurt timp, \u00een Bac\u0103u au avut loc perchezi\u021bii domiciliare. Astfel, \u00eentr-un imobil care apar\u021binea unui cunoscut al celor 4 ho\u021bi au fost descoperite cantit\u0103\u021bi \u00eensemnate de cupru ce provenea din topirea cablurilor, pe care ho\u021bii se preg\u0103teau s\u0103 \u00eel v\u00e2nd\u0103.<\/p>\n<p>Prejudiciul a fost estimat la peste 60.000 de lei. \u00cen baza materialului probator administrat, sub coordonarea parchetului, poli\u021bi\u0219tii au luat m\u0103sura re\u021binerii pentru 24 de ore a celor patru b\u0103rba\u021bi, pe baz\u0103 de ordonan\u021b\u0103. Ulterior, instan\u021ba a dispus arestarea preventiv\u0103 a acestora, pentru 30 de zile, pentru furt calificat.<\/p>\n","protected":false},"excerpt":{"rendered":"<p>Mai multe furturi de cabluri semnalate \u00een comuna buzoian\u0103 Valea Salciei i-au pus \u00een alert\u0103 pe poli\u021bi\u0219tii r\u00e2mniceni. Mai exact, din luna august 2024 \u0219i p\u00e2n\u0103 \u00een prezent, patru b\u0103rba\u021bi, cu v\u00e2rste cuprinse \u00eentre 25 \u0219i 37 de ani, de fel din Moine\u0219ti, jude\u021bul Bac\u0103u, au furat aproximativ 300 de metri de cablu. Poli\u021bi\u0219tii r\u00e2mniceni au demarat cercet\u0103ri, astfel c\u0103, zilele trecute, i-au prins \u00een flagrant delict pe ho\u021bi, la Moine\u0219ti, chiar \u00een timp ce se preg\u0103teau de o nou\u0103 lovitur\u0103. La vederea poli\u021bi\u0219tilor, ho\u021bii au \u00eencercat s\u0103 fug\u0103, \u00eens\u0103&hellip;<\/p>\n","protected":false},"author":4,"featured_media":21940,"comment_status":"closed","ping_status":"closed","sticky":false,"template":"","format":"standard","meta":{"footnotes":""},"categories":[165],"tags":[7858,915,3681,3377],"class_list":["post-21939","post","type-post","status-publish","format-standard","has-post-thumbnail","hentry","category-informatia-de-ramnic","tag-cabluri","tag-politisti","tag-prejudiciu","tag-valea-salciei"],"gutentor_comment":0,"_links":{"self":[{"href":"https:\/\/scurtpe2.ro\/index.php?rest_route=\/wp\/v2\/posts\/21939","targetHints":{"allow":["GET"]}}],"collection":[{"href":"https:\/\/scurtpe2.ro\/index.php?rest_route=\/wp\/v2\/posts"}],"about":[{"href":"https:\/\/scurtpe2.ro\/index.php?rest_route=\/wp\/v2\/types\/post"}],"author":[{"embeddable":true,"href":"https:\/\/scurtpe2.ro\/index.php?rest_route=\/wp\/v2\/users\/4"}],"replies":[{"embeddable":true,"href":"https:\/\/scurtpe2.ro\/index.php?rest_route=%2Fwp%2Fv2%2Fcomments&post=21939"}],"version-history":[{"count":1,"href":"https:\/\/scurtpe2.ro\/index.php?rest_route=\/wp\/v2\/posts\/21939\/revisions"}],"predecessor-version":[{"id":21941,"href":"https:\/\/scurtpe2.ro\/index.php?rest_route=\/wp\/v2\/posts\/21939\/revisions\/21941"}],"wp:featuredmedia":[{"embeddable":true,"href":"https:\/\/scurtpe2.ro\/index.php?rest_route=\/wp\/v2\/media\/21940"}],"wp:attachment":[{"href":"https:\/\/scurtpe2.ro\/index.php?rest_route=%2Fwp%2Fv2%2Fmedia&parent=21939"}],"wp:term":[{"taxonomy":"category","embeddable":true,"href":"https:\/\/scurtpe2.ro\/index.php?rest_route=%2Fwp%2Fv2%2Fcategories&post=21939"},{"taxonomy":"post_tag","embeddable":true,"href":"https:\/\/scurtpe2.ro\/index.php?rest_route=%2Fwp%2Fv2%2Ftags&post=21939"}],"curies":[{"name":"wp","href":"https:\/\/api.w.org\/{rel}","templated":true}]}}