{"id":21935,"date":"2025-03-04T18:15:53","date_gmt":"2025-03-04T15:15:53","guid":{"rendered":"https:\/\/scurtpe2.ro\/?p=21935"},"modified":"2025-03-05T18:17:20","modified_gmt":"2025-03-05T15:17:20","slug":"sc-tuc-va-asigura-servicii-in-regim-taxi","status":"publish","type":"post","link":"https:\/\/scurtpe2.ro\/?p=21935","title":{"rendered":"SC TUC VA ASIGURA SERVICII \u00ceN REGIM TAXI"},"content":{"rendered":"<p>Din acest an, societatea de transport \u00een comun TUC R\u00e2mnicu S\u0103rat va avea un nou dispecerat, care va asigura \u0219i servicii de transport \u00een regim taxi. Anul trecut, societatea a ob\u021binut autoriza\u021bia \u0219i licen\u021ba pentru desf\u0103\u0219urarea activit\u0103\u021bii de taxi. Tot atunci, Consiliul Local Municipal a aprobat actualizarea actului constitutiv al societ\u0103\u021bii Transport Urban de C\u0103l\u0103tori, cu noi domenii de activitate.<\/p>\n<p>Dispeceratul de taxi va func\u021biona la sediul societ\u0103\u021bii, de pe Bulevardul Eroilor din municipiul R\u00e2mnicu S\u0103rat.<\/p>\n<p>Serviciul de transport\u00c2\u00a0\u00c2\u00a0public local\u00c2\u00a0\u00c2\u00a0de persoane\u00c2\u00a0\u00c2\u00a0\u00een\u00c2\u00a0\u00c2\u00a0regim\u00c2\u00a0\u00c2\u00a0de taxi\u00c2\u00a0\u00c2\u00a0va fi un serviciu ce va func\u021biona\u00c2\u00a0\u00c2\u00a0\u00een\u00c2\u00a0\u00c2\u00a0paralel\u00c2\u00a0\u00c2\u00a0cu\u00c2\u00a0\u00c2\u00a0serviciul de transport public local de persoane prin curse regulate, operate de societatea Transport Urban de C\u0103l\u0103tori R\u00e2mnicu S\u0103rat.<\/p>\n","protected":false},"excerpt":{"rendered":"<p>Din acest an, societatea de transport \u00een comun TUC R\u00e2mnicu S\u0103rat va avea un nou dispecerat, care va asigura \u0219i servicii de transport \u00een regim taxi. Anul trecut, societatea a ob\u021binut autoriza\u021bia \u0219i licen\u021ba pentru desf\u0103\u0219urarea activit\u0103\u021bii de taxi. Tot atunci, Consiliul Local Municipal a aprobat actualizarea actului constitutiv al societ\u0103\u021bii Transport Urban de C\u0103l\u0103tori, cu noi domenii de activitate. Dispeceratul de taxi va func\u021biona la sediul societ\u0103\u021bii, de pe Bulevardul Eroilor din municipiul R\u00e2mnicu S\u0103rat. Serviciul de transport\u00c2\u00a0\u00c2\u00a0public local\u00c2\u00a0\u00c2\u00a0de persoane\u00c2\u00a0\u00c2\u00a0\u00een\u00c2\u00a0\u00c2\u00a0regim\u00c2\u00a0\u00c2\u00a0de taxi\u00c2\u00a0\u00c2\u00a0va fi un serviciu ce va func\u021biona\u00c2\u00a0\u00c2\u00a0\u00een\u00c2\u00a0\u00c2\u00a0paralel\u00c2\u00a0\u00c2\u00a0cu\u00c2\u00a0\u00c2\u00a0serviciul de transport&hellip;<\/p>\n","protected":false},"author":4,"featured_media":18553,"comment_status":"closed","ping_status":"closed","sticky":false,"template":"","format":"standard","meta":{"footnotes":""},"categories":[173],"tags":[7525,4509,499],"class_list":["post-21935","post","type-post","status-publish","format-standard","has-post-thumbnail","hentry","category-administrativ","tag-dispecerat","tag-taxi","tag-tuc-rm-sarat"],"gutentor_comment":0,"_links":{"self":[{"href":"https:\/\/scurtpe2.ro\/index.php?rest_route=\/wp\/v2\/posts\/21935","targetHints":{"allow":["GET"]}}],"collection":[{"href":"https:\/\/scurtpe2.ro\/index.php?rest_route=\/wp\/v2\/posts"}],"about":[{"href":"https:\/\/scurtpe2.ro\/index.php?rest_route=\/wp\/v2\/types\/post"}],"author":[{"embeddable":true,"href":"https:\/\/scurtpe2.ro\/index.php?rest_route=\/wp\/v2\/users\/4"}],"replies":[{"embeddable":true,"href":"https:\/\/scurtpe2.ro\/index.php?rest_route=%2Fwp%2Fv2%2Fcomments&post=21935"}],"version-history":[{"count":1,"href":"https:\/\/scurtpe2.ro\/index.php?rest_route=\/wp\/v2\/posts\/21935\/revisions"}],"predecessor-version":[{"id":21936,"href":"https:\/\/scurtpe2.ro\/index.php?rest_route=\/wp\/v2\/posts\/21935\/revisions\/21936"}],"wp:featuredmedia":[{"embeddable":true,"href":"https:\/\/scurtpe2.ro\/index.php?rest_route=\/wp\/v2\/media\/18553"}],"wp:attachment":[{"href":"https:\/\/scurtpe2.ro\/index.php?rest_route=%2Fwp%2Fv2%2Fmedia&parent=21935"}],"wp:term":[{"taxonomy":"category","embeddable":true,"href":"https:\/\/scurtpe2.ro\/index.php?rest_route=%2Fwp%2Fv2%2Fcategories&post=21935"},{"taxonomy":"post_tag","embeddable":true,"href":"https:\/\/scurtpe2.ro\/index.php?rest_route=%2Fwp%2Fv2%2Ftags&post=21935"}],"curies":[{"name":"wp","href":"https:\/\/api.w.org\/{rel}","templated":true}]}}