{"id":21927,"date":"2025-03-03T19:20:26","date_gmt":"2025-03-03T16:20:26","guid":{"rendered":"https:\/\/scurtpe2.ro\/?p=21927"},"modified":"2025-03-03T19:20:26","modified_gmt":"2025-03-03T16:20:26","slug":"prioritati-la-inceput-de-mandat","status":"publish","type":"post","link":"https:\/\/scurtpe2.ro\/?p=21927","title":{"rendered":"PRIORIT\u0102\u021aI LA \u00ceNCEPUT DE MANDAT"},"content":{"rendered":"<p>Noul prefect de Buz\u0103u, Liliana Sb\u00eernea, fost senator PSD, este ferm convins\u0103 c\u0103 va avea al\u0103turi o echip\u0103 cu care va continua proiectele demarate de fostul \u0219ef de la Casa Alb\u0103, Daniel \u00c8\u0161iclea. Ea a subliniat c\u0103, prin toate ac\u021biunile derulate, va \u00eencerca s\u0103 creasc\u0103 gradul de \u00eencredere a buzoienilor at\u00e2t \u00een institu\u021bia pe care o conduce, c\u00e2t \u0219i \u00een institu\u021biile deconcentrate.<\/p>\n<p>Liliana Sb\u00eernea a recunoscut c\u0103 o mare provocare o va reprezenta preg\u0103tirea alegerilor preziden\u021biale din acest an.<\/p>\n<p>Fostul senator PSD este secondat la conducere de subprefectul Vasile Dobre, fost director al societ\u0103\u021bii Electrica Furnizare. Acesta a declarat c\u0103 din aceast\u0103 pozi\u021bie va \u00eencerca s\u0103 rezolve anumite probleme cu care clien\u021bii societ\u0103\u021bii pe care a condus-o se confrunt\u0103. Este vorba despre acele situa\u021bii generate de \u00eent\u00e2rzierile la facturi.<\/p>\n<p>\u00cen urma ordonan\u021bei ,,trenule\u021b&#8221;\u009d, la Prefectura Buz\u0103u, ca la mai \u00c2\u00a0toate prefecturile din \u021bar\u0103, dup\u0103 aplicarea regulilor de reducere a cheltuielilor bugetare, a r\u0103mas un singur post de subprefect din cele dou\u0103. Din vechea gard\u0103, \u00een Cabinetul prefectului va r\u0103m\u00e2ne\u00c2\u00a0 fostul subprefect Gabriel Ilie.<\/p>\n","protected":false},"excerpt":{"rendered":"<p>Noul prefect de Buz\u0103u, Liliana Sb\u00eernea, fost senator PSD, este ferm convins\u0103 c\u0103 va avea al\u0103turi o echip\u0103 cu care va continua proiectele demarate de fostul \u0219ef de la Casa Alb\u0103, Daniel \u00c8\u0161iclea. Ea a subliniat c\u0103, prin toate ac\u021biunile derulate, va \u00eencerca s\u0103 creasc\u0103 gradul de \u00eencredere a buzoienilor at\u00e2t \u00een institu\u021bia pe care o conduce, c\u00e2t \u0219i \u00een institu\u021biile deconcentrate. Liliana Sb\u00eernea a recunoscut c\u0103 o mare provocare o va reprezenta preg\u0103tirea alegerilor preziden\u021biale din acest an. Fostul senator PSD este secondat la conducere de subprefectul Vasile Dobre,&hellip;<\/p>\n","protected":false},"author":4,"featured_media":21928,"comment_status":"closed","ping_status":"closed","sticky":false,"template":"","format":"standard","meta":{"footnotes":""},"categories":[168],"tags":[2234,3513,2957,1083],"class_list":["post-21927","post","type-post","status-publish","format-standard","has-post-thumbnail","hentry","category-informatia-de-buzau","tag-alegeri","tag-liliana-sbirnea","tag-mandat","tag-prefectura-buzau"],"gutentor_comment":0,"_links":{"self":[{"href":"https:\/\/scurtpe2.ro\/index.php?rest_route=\/wp\/v2\/posts\/21927","targetHints":{"allow":["GET"]}}],"collection":[{"href":"https:\/\/scurtpe2.ro\/index.php?rest_route=\/wp\/v2\/posts"}],"about":[{"href":"https:\/\/scurtpe2.ro\/index.php?rest_route=\/wp\/v2\/types\/post"}],"author":[{"embeddable":true,"href":"https:\/\/scurtpe2.ro\/index.php?rest_route=\/wp\/v2\/users\/4"}],"replies":[{"embeddable":true,"href":"https:\/\/scurtpe2.ro\/index.php?rest_route=%2Fwp%2Fv2%2Fcomments&post=21927"}],"version-history":[{"count":2,"href":"https:\/\/scurtpe2.ro\/index.php?rest_route=\/wp\/v2\/posts\/21927\/revisions"}],"predecessor-version":[{"id":21930,"href":"https:\/\/scurtpe2.ro\/index.php?rest_route=\/wp\/v2\/posts\/21927\/revisions\/21930"}],"wp:featuredmedia":[{"embeddable":true,"href":"https:\/\/scurtpe2.ro\/index.php?rest_route=\/wp\/v2\/media\/21928"}],"wp:attachment":[{"href":"https:\/\/scurtpe2.ro\/index.php?rest_route=%2Fwp%2Fv2%2Fmedia&parent=21927"}],"wp:term":[{"taxonomy":"category","embeddable":true,"href":"https:\/\/scurtpe2.ro\/index.php?rest_route=%2Fwp%2Fv2%2Fcategories&post=21927"},{"taxonomy":"post_tag","embeddable":true,"href":"https:\/\/scurtpe2.ro\/index.php?rest_route=%2Fwp%2Fv2%2Ftags&post=21927"}],"curies":[{"name":"wp","href":"https:\/\/api.w.org\/{rel}","templated":true}]}}