{"id":21906,"date":"2025-02-28T20:10:37","date_gmt":"2025-02-28T17:10:37","guid":{"rendered":"https:\/\/scurtpe2.ro\/?p=21906"},"modified":"2025-02-28T20:11:31","modified_gmt":"2025-02-28T17:11:31","slug":"21906","status":"publish","type":"post","link":"https:\/\/scurtpe2.ro\/?p=21906","title":{"rendered":"SE SIMTE \u00ceN SIGURAN\u021a\u0102 LA BUZ\u0102U"},"content":{"rendered":"<p>Candidatul alian\u021bei PSD-PNL-UDMR, Crin Antonescu, a poposit joi la Buz\u0103u, unde a avut mai multe \u00eent\u00e2lniri cu oameni de afaceri din jude\u021b, \u0219efi de institu\u021bii, oameni politici, dar \u0219i cu primarii PSD \u0219i PNL c\u0103rora le-a cerut sprijin pentru a ob\u021bine mandatul de pe\u0219edinte la alegerile din mai. \u00cen prima parte a zilei, Antonescu a participat, la Vila Albatros, de pe Domeniul Marghiloman, la un eveniment dedicat analiz\u0103rii sistemului de management al de\u0219eurilor \u0219i a provoc\u0103rilor implement\u0103rii acestuia la nivel na\u021bional.<\/p>\n<p>\u00cen cadrul discursului s\u0103u, preziden\u021biabilul a punctat \u00een linii mari, cam care ar putea fi rolul unui \u0219ef de stat pentru sprijinirea tranzi\u021biei c\u0103tre o economie circular\u0103. Pe de alt\u0103 parte, Antonescu a recunoscut c\u0103 sectorul de mediu nu va reprezenta o prioritate dac\u0103 ar ajunge pre\u0219edinte, deoarece exist\u0103 alte domenii mult mai importante de pus la punct.<\/p>\n<p>\u00cen a doua parte a zilei, \u00een jurul pr\u00e2nzului, \u00een sala Consiliului Jude\u021bean Buz\u0103u, Crin Antonescu a avut o \u00eent\u00e2lnire cu primari \u0219i lideri politici din jude\u021b. El a declarat c\u0103 la Buz\u0103u se simte \u00een siguran\u021b\u0103, \u00een contextul \u00een care aici s-ar afla cea mai puternic\u0103 organiza\u021bie a PSD din \u021bar\u0103.<\/p>\n<p>\u00cen cadrul \u00eent\u00e2lnirii de la Consiliul Jude\u021bean au luat cuv\u00e2ntul \u0219i liderii buzoieni ai PSD \u0219i PNL, primari, parlamentari \u0219i europarlamentari.<\/p>\n<p>La finalul \u00eent\u00e2lnirii, \u00een cadrul unei conferin\u021be de pres\u0103, Crin Antonescu, \u0219i-a exprimat \u00eencrederea c\u0103 PSD \u0219i PNL vor face echip\u0103 bun\u0103 la alegerile din 4 mai.<\/p>\n<p>Antonescu recunoa\u0219te c\u0103 are contracandida\u021bi redutabili \u0219i sper\u0103 ca surprizele de la primul tur al alegerilor preziden\u021biale de anul trecut s\u0103 nu se repete. Cu dou\u0103 luni \u0219i jum\u0103tate \u00eenainte de noile alegeri preziden\u021biale \u0219i la trei luni de la scrutinul anterior, tot C\u0103lin Georgescu apare pe primul loc \u00een inten\u021biile de vot ale rom\u00e2nilor. Asta arat\u0103 cele mai recente sondaje de opinie, care \u00eel plaseaz\u0103 pe Crin Antonescu pe pozi\u021bia a treia, \u00eenaintea sa afl\u00e2ndu-se Nicu\u0219or Dan.<\/p>\n","protected":false},"excerpt":{"rendered":"<p>Candidatul alian\u021bei PSD-PNL-UDMR, Crin Antonescu, a poposit joi la Buz\u0103u, unde a avut mai multe \u00eent\u00e2lniri cu oameni de afaceri din jude\u021b, \u0219efi de institu\u021bii, oameni politici, dar \u0219i cu primarii PSD \u0219i PNL c\u0103rora le-a cerut sprijin pentru a ob\u021bine mandatul de pe\u0219edinte la alegerile din mai. \u00cen prima parte a zilei, Antonescu a participat, la Vila Albatros, de pe Domeniul Marghiloman, la un eveniment dedicat analiz\u0103rii sistemului de management al de\u0219eurilor \u0219i a provoc\u0103rilor implement\u0103rii acestuia la nivel na\u021bional. \u00cen cadrul discursului s\u0103u, preziden\u021biabilul a punctat \u00een linii&hellip;<\/p>\n","protected":false},"author":4,"featured_media":21907,"comment_status":"closed","ping_status":"closed","sticky":false,"template":"","format":"standard","meta":{"footnotes":""},"categories":[168],"tags":[7481,203,7480,7901,1243],"class_list":["post-21906","post","type-post","status-publish","format-standard","has-post-thumbnail","hentry","category-informatia-de-buzau","tag-alegeri-prezidentiale","tag-buzau","tag-candidat","tag-crin-antonescu","tag-psd-buzau"],"gutentor_comment":0,"_links":{"self":[{"href":"https:\/\/scurtpe2.ro\/index.php?rest_route=\/wp\/v2\/posts\/21906","targetHints":{"allow":["GET"]}}],"collection":[{"href":"https:\/\/scurtpe2.ro\/index.php?rest_route=\/wp\/v2\/posts"}],"about":[{"href":"https:\/\/scurtpe2.ro\/index.php?rest_route=\/wp\/v2\/types\/post"}],"author":[{"embeddable":true,"href":"https:\/\/scurtpe2.ro\/index.php?rest_route=\/wp\/v2\/users\/4"}],"replies":[{"embeddable":true,"href":"https:\/\/scurtpe2.ro\/index.php?rest_route=%2Fwp%2Fv2%2Fcomments&post=21906"}],"version-history":[{"count":2,"href":"https:\/\/scurtpe2.ro\/index.php?rest_route=\/wp\/v2\/posts\/21906\/revisions"}],"predecessor-version":[{"id":21909,"href":"https:\/\/scurtpe2.ro\/index.php?rest_route=\/wp\/v2\/posts\/21906\/revisions\/21909"}],"wp:featuredmedia":[{"embeddable":true,"href":"https:\/\/scurtpe2.ro\/index.php?rest_route=\/wp\/v2\/media\/21907"}],"wp:attachment":[{"href":"https:\/\/scurtpe2.ro\/index.php?rest_route=%2Fwp%2Fv2%2Fmedia&parent=21906"}],"wp:term":[{"taxonomy":"category","embeddable":true,"href":"https:\/\/scurtpe2.ro\/index.php?rest_route=%2Fwp%2Fv2%2Fcategories&post=21906"},{"taxonomy":"post_tag","embeddable":true,"href":"https:\/\/scurtpe2.ro\/index.php?rest_route=%2Fwp%2Fv2%2Ftags&post=21906"}],"curies":[{"name":"wp","href":"https:\/\/api.w.org\/{rel}","templated":true}]}}