{"id":21900,"date":"2025-02-28T19:48:16","date_gmt":"2025-02-28T16:48:16","guid":{"rendered":"https:\/\/scurtpe2.ro\/?p=21900"},"modified":"2025-02-28T19:48:16","modified_gmt":"2025-02-28T16:48:16","slug":"evenimente-dedicate-iubirii","status":"publish","type":"post","link":"https:\/\/scurtpe2.ro\/?p=21900","title":{"rendered":"EVENIMENTE DEDICATE IUBIRII"},"content":{"rendered":"<p class=\"yiv1016362001ydpd9e8e8b4msonormal\" style=\"background: white;\"><span lang=\"EN-US\" style=\"font-size: 18.0pt;\">Muzeul Municipal &#8222;\u009dOctavian Mo\u0219escu&#8221;\u009d din R\u00e2mnicu S\u0103rat a marcat &#8222;\u009d luna iubirii&#8221;\u009d prin evenimente emo\u021bionante apreciate de un public numeros. Nu doar expozi\u021biile \u0219i atelierele g\u0103zduite de Muzeu i-au impresionat pe r\u00e2mniceni, ci \u0219i concertul cu c\u00e2ntece de dragoste, sus\u021binut de Cornel Tudose \u0219i Dan Manciulea, chiar de Dragobete.<\/span><\/p>\n<p class=\"yiv1016362001ydpd9e8e8b4msonormal\" style=\"background: white;\"><span lang=\"EN-US\" style=\"font-size: 18.0pt;\">\u00cen cadrul evenimentului g\u0103zduit \u00een Sala Turn din cadrul Complexului Br\u00e2ncovenesc, r\u00e2mnicenii au demonstrat, \u00eenc\u0103 o dat\u0103, c\u0103 sunt iubitori de muzic\u0103 \u0219i frumos.<\/span><\/p>\n<p class=\"yiv1016362001ydpd9e8e8b4msonormal\" style=\"background: white;\"><span lang=\"EN-US\" style=\"font-size: 18.0pt;\">Prin toate evenimentele organizate pe parcursul lunii februarie, reprezentan\u021bii Muzeului Municipal &#8222;\u009dOctavian Mo\u0219escu&#8221;\u009d din R\u00e2mnicu S\u0103rat au vrut s\u0103 celebreze \u00eentr-un mod special dragostea \u0219i tradi\u021bia rom\u00e2neasc\u0103.<\/span><\/p>\n","protected":false},"excerpt":{"rendered":"<p>Muzeul Municipal &#8222;\u009dOctavian Mo\u0219escu&#8221;\u009d din R\u00e2mnicu S\u0103rat a marcat &#8222;\u009d luna iubirii&#8221;\u009d prin evenimente emo\u021bionante apreciate de un public numeros. Nu doar expozi\u021biile \u0219i atelierele g\u0103zduite de Muzeu i-au impresionat pe r\u00e2mniceni, ci \u0219i concertul cu c\u00e2ntece de dragoste, sus\u021binut de Cornel Tudose \u0219i Dan Manciulea, chiar de Dragobete. \u00cen cadrul evenimentului g\u0103zduit \u00een Sala Turn din cadrul Complexului Br\u00e2ncovenesc, r\u00e2mnicenii au demonstrat, \u00eenc\u0103 o dat\u0103, c\u0103 sunt iubitori de muzic\u0103 \u0219i frumos. Prin toate evenimentele organizate pe parcursul lunii februarie, reprezentan\u021bii Muzeului Municipal &#8222;\u009dOctavian Mo\u0219escu&#8221;\u009d din R\u00e2mnicu S\u0103rat au&hellip;<\/p>\n","protected":false},"author":4,"featured_media":21901,"comment_status":"closed","ping_status":"closed","sticky":false,"template":"","format":"standard","meta":{"footnotes":""},"categories":[165],"tags":[6858,3927,7898,7899],"class_list":["post-21900","post","type-post","status-publish","format-standard","has-post-thumbnail","hentry","category-informatia-de-ramnic","tag-cornel-tudose","tag-dragobete","tag-luna-iubirii","tag-muzeu-octavian-mosescu"],"gutentor_comment":0,"_links":{"self":[{"href":"https:\/\/scurtpe2.ro\/index.php?rest_route=\/wp\/v2\/posts\/21900","targetHints":{"allow":["GET"]}}],"collection":[{"href":"https:\/\/scurtpe2.ro\/index.php?rest_route=\/wp\/v2\/posts"}],"about":[{"href":"https:\/\/scurtpe2.ro\/index.php?rest_route=\/wp\/v2\/types\/post"}],"author":[{"embeddable":true,"href":"https:\/\/scurtpe2.ro\/index.php?rest_route=\/wp\/v2\/users\/4"}],"replies":[{"embeddable":true,"href":"https:\/\/scurtpe2.ro\/index.php?rest_route=%2Fwp%2Fv2%2Fcomments&post=21900"}],"version-history":[{"count":1,"href":"https:\/\/scurtpe2.ro\/index.php?rest_route=\/wp\/v2\/posts\/21900\/revisions"}],"predecessor-version":[{"id":21902,"href":"https:\/\/scurtpe2.ro\/index.php?rest_route=\/wp\/v2\/posts\/21900\/revisions\/21902"}],"wp:featuredmedia":[{"embeddable":true,"href":"https:\/\/scurtpe2.ro\/index.php?rest_route=\/wp\/v2\/media\/21901"}],"wp:attachment":[{"href":"https:\/\/scurtpe2.ro\/index.php?rest_route=%2Fwp%2Fv2%2Fmedia&parent=21900"}],"wp:term":[{"taxonomy":"category","embeddable":true,"href":"https:\/\/scurtpe2.ro\/index.php?rest_route=%2Fwp%2Fv2%2Fcategories&post=21900"},{"taxonomy":"post_tag","embeddable":true,"href":"https:\/\/scurtpe2.ro\/index.php?rest_route=%2Fwp%2Fv2%2Ftags&post=21900"}],"curies":[{"name":"wp","href":"https:\/\/api.w.org\/{rel}","templated":true}]}}