{"id":21871,"date":"2025-02-26T10:39:17","date_gmt":"2025-02-26T07:39:17","guid":{"rendered":"https:\/\/scurtpe2.ro\/?p=21871"},"modified":"2025-02-26T10:39:17","modified_gmt":"2025-02-26T07:39:17","slug":"anunt-privind-finantele-publice-locale-primaria-buzau","status":"publish","type":"post","link":"https:\/\/scurtpe2.ro\/?p=21871","title":{"rendered":"ANUN\u021a PRIVIND FINAN\u021aELE PUBLICE LOCALE, PRIM\u0102RIA BUZ\u0102U"},"content":{"rendered":"<p>\u00cen conformitate cu prevederile Legii nr. 273\/2006 privind finan\u021bele publice locale, Prim\u0103ria Municipiului Buz\u0103u supune dezbaterii publice <em>&#8222;<strong>Proiectul bugetului de venituri \u0219i cheltuieli pentru anul 2025, sinteza<\/strong><\/em> <strong><em>sec\u021biunilor de func\u021bionare \u0219i dezvoltare, precum \u0219i listele obiectivelor de investi\u021bii pe anul 2025.&#8221;\u009d<\/em><\/strong><\/p>\n<p><strong>\u00c2\u00a0\u00c2\u00a0\u00c2\u00a0\u00c2\u00a0\u00c2\u00a0\u00c2\u00a0\u00c2\u00a0\u00c2\u00a0 <\/strong>Proiectul poate fi consultat de c\u0103tre cei interesa\u021bi la avizierul Prim\u0103riei Municipiului Buz\u0103u, Pia\u021ba Daciei nr. 1 \u0219i pe pagina de web: <a href=\"http:\/\/www.primariabuzau.ro\">www.primariabuzau.ro<\/a>.<\/p>\n<p>Prezentul proiect de buget va suporta modific\u0103ri urmare a propunerilor ce vor fi f\u0103cute, c\u00c8\u0192t \u0219i a supliment\u0103rii pe care o vom primi dup\u0103 repartizarea prin Decizia Administra\u021biei Jude\u021bene a Finan\u021belor Publice a sumelor defalcate din taxa pe valoarea ad\u0103ugat\u0103 pentru finan\u021barea costului standard per elev\/pre\u0219colar pentru \u00c8\u2039nv\u0103\u021b\u0103m\u00e2ntul preuniversitar de stat \u0219i pentru finan\u021barea \u00eenv\u0103\u021b\u0103m\u00e2ntului particular acreditat.<\/p>\n<p>Propunerile, sugestiile \u0219i opiniile referitoare la proiectul supus dezbaterii publice pot fi transmise \u00c8\u2039n scris pe adresa Prim\u0103riei Municipiului Buz\u0103u,Pia\u021ba Daciei nr. 1, pe fax la num\u0103rul 0238.717.950 sau la adresa de e-mail: <a href=\"mailto:cabinet.primar@primariabuzau.ro\">cabinet.primar@primariabuzau.ro<\/a>, \u00c8\u2039n termen de 15 zile de la data public\u0103rii sau afi\u0219\u0103rii acestuia.<\/p>\n<p><strong>\u00c2\u00a0<\/strong><\/p>\n<p><strong>PRIMARUL MUNICIPIULUI BUZAU<\/strong><\/p>\n<p>Constantin Toma<\/p>\n<p><strong>\u00c2\u00a0<\/strong><\/p>\n<p>PROIECTUL BUGETULUI LOCAL PE ANUL 2025 PE SECTIUNI<\/p>\n<p>SINTEZA<\/p>\n<p>&nbsp;<\/p>\n<ol>\n<li>FUNCTIONARE<\/li>\n<\/ol>\n<p>-mii lei-<\/p>\n<table>\n<tbody>\n<tr>\n<td width=\"302\">Denumire<\/td>\n<td width=\"151\">Proiect 2025<\/td>\n<\/tr>\n<tr>\n<td width=\"302\">VENITURI<\/td>\n<td width=\"151\">337.382,33<\/td>\n<\/tr>\n<tr>\n<td width=\"302\">CHELTUIELI<\/td>\n<td width=\"151\">337.382,33<\/td>\n<\/tr>\n<tr>\n<td width=\"302\">DEFICIT\/EXCEDENT<\/td>\n<td width=\"151\">0<\/td>\n<\/tr>\n<\/tbody>\n<\/table>\n<p>&nbsp;<\/p>\n<p>&nbsp;<\/p>\n<ol>\n<li>DEZVOLTARE<\/li>\n<\/ol>\n<p>-mii lei-<\/p>\n<table>\n<tbody>\n<tr>\n<td width=\"302\">Denumire<\/td>\n<td width=\"151\">Proiect 2025<\/td>\n<\/tr>\n<tr>\n<td width=\"302\">VENITURI<\/td>\n<td width=\"151\">549.207,11<\/td>\n<\/tr>\n<tr>\n<td width=\"302\">CHELTUIELI<\/td>\n<td width=\"151\">555.839,15<\/td>\n<\/tr>\n<tr>\n<td width=\"302\">DEFICIT\/EXCEDENT <strong>*<\/strong><\/td>\n<td width=\"151\">\u00c2\u00a0\u00c2\u00a0\u00c2\u00a0\u00c2\u00a0\u00c2\u00a0\u00c2\u00a0\u00c2\u00a0\u00c2\u00a0\u00c2\u00a0\u00c2\u00a0 -6.632,04<\/td>\n<\/tr>\n<\/tbody>\n<\/table>\n<p>&nbsp;<\/p>\n<ul>\n<li>Deficitul Sec\u021biunii de Dezvoltare se acoper\u0103 din <strong>excedentul anilor preceden<\/strong><strong>\u021b<\/strong><strong>i care este \u00c8\u2039n suma de 6.632,04 mii lei la data de 31.12.2024.<\/strong><\/li>\n<\/ul>\n<p>&nbsp;<\/p>\n<p>&nbsp;<\/p>\n<p>PRIMAR,\u00c2\u00a0\u00c2\u00a0\u00c2\u00a0\u00c2\u00a0\u00c2\u00a0\u00c2\u00a0\u00c2\u00a0\u00c2\u00a0\u00c2\u00a0\u00c2\u00a0\u00c2\u00a0\u00c2\u00a0\u00c2\u00a0\u00c2\u00a0\u00c2\u00a0\u00c2\u00a0\u00c2\u00a0\u00c2\u00a0\u00c2\u00a0\u00c2\u00a0\u00c2\u00a0\u00c2\u00a0\u00c2\u00a0\u00c2\u00a0\u00c2\u00a0\u00c2\u00a0\u00c2\u00a0\u00c2\u00a0\u00c2\u00a0\u00c2\u00a0\u00c2\u00a0\u00c2\u00a0\u00c2\u00a0\u00c2\u00a0\u00c2\u00a0\u00c2\u00a0\u00c2\u00a0\u00c2\u00a0\u00c2\u00a0\u00c2\u00a0\u00c2\u00a0\u00c2\u00a0\u00c2\u00a0\u00c2\u00a0\u00c2\u00a0\u00c2\u00a0\u00c2\u00a0\u00c2\u00a0\u00c2\u00a0\u00c2\u00a0 DIRECTOR EXECUTIV ADJUNCT,<\/p>\n<p>Constantin Toma\u00c2\u00a0\u00c2\u00a0\u00c2\u00a0\u00c2\u00a0\u00c2\u00a0\u00c2\u00a0\u00c2\u00a0\u00c2\u00a0\u00c2\u00a0\u00c2\u00a0\u00c2\u00a0\u00c2\u00a0\u00c2\u00a0\u00c2\u00a0\u00c2\u00a0\u00c2\u00a0\u00c2\u00a0\u00c2\u00a0\u00c2\u00a0\u00c2\u00a0\u00c2\u00a0\u00c2\u00a0\u00c2\u00a0\u00c2\u00a0\u00c2\u00a0\u00c2\u00a0\u00c2\u00a0\u00c2\u00a0\u00c2\u00a0\u00c2\u00a0\u00c2\u00a0\u00c2\u00a0\u00c2\u00a0\u00c2\u00a0\u00c2\u00a0\u00c2\u00a0\u00c2\u00a0\u00c2\u00a0\u00c2\u00a0\u00c2\u00a0\u00c2\u00a0\u00c2\u00a0\u00c2\u00a0\u00c2\u00a0\u00c2\u00a0\u00c2\u00a0\u00c2\u00a0\u00c2\u00a0\u00c2\u00a0\u00c2\u00a0\u00c2\u00a0\u00c2\u00a0\u00c2\u00a0\u00c2\u00a0\u00c2\u00a0\u00c2\u00a0\u00c2\u00a0\u00c2\u00a0 Daniela Gogea<\/p>\n","protected":false},"excerpt":{"rendered":"<p>\u00cen conformitate cu prevederile Legii nr. 273\/2006 privind finan\u021bele publice locale, Prim\u0103ria Municipiului Buz\u0103u supune dezbaterii publice &#8222;Proiectul bugetului de venituri \u0219i cheltuieli pentru anul 2025, sinteza sec\u021biunilor de func\u021bionare \u0219i dezvoltare, precum \u0219i listele obiectivelor de investi\u021bii pe anul 2025.&#8221;\u009d \u00c2\u00a0\u00c2\u00a0\u00c2\u00a0\u00c2\u00a0\u00c2\u00a0\u00c2\u00a0\u00c2\u00a0\u00c2\u00a0 Proiectul poate fi consultat de c\u0103tre cei interesa\u021bi la avizierul Prim\u0103riei Municipiului Buz\u0103u, Pia\u021ba Daciei nr. 1 \u0219i pe pagina de web: www.primariabuzau.ro. Prezentul proiect de buget va suporta modific\u0103ri urmare a propunerilor ce vor fi f\u0103cute, c\u00c8\u0192t \u0219i a supliment\u0103rii pe care o vom primi dup\u0103 repartizarea&hellip;<\/p>\n","protected":false},"author":4,"featured_media":21796,"comment_status":"closed","ping_status":"closed","sticky":false,"template":"","format":"standard","meta":{"footnotes":""},"categories":[157],"tags":[],"class_list":["post-21871","post","type-post","status-publish","format-standard","has-post-thumbnail","hentry","category-comunicare-primaria-buzau"],"gutentor_comment":0,"_links":{"self":[{"href":"https:\/\/scurtpe2.ro\/index.php?rest_route=\/wp\/v2\/posts\/21871","targetHints":{"allow":["GET"]}}],"collection":[{"href":"https:\/\/scurtpe2.ro\/index.php?rest_route=\/wp\/v2\/posts"}],"about":[{"href":"https:\/\/scurtpe2.ro\/index.php?rest_route=\/wp\/v2\/types\/post"}],"author":[{"embeddable":true,"href":"https:\/\/scurtpe2.ro\/index.php?rest_route=\/wp\/v2\/users\/4"}],"replies":[{"embeddable":true,"href":"https:\/\/scurtpe2.ro\/index.php?rest_route=%2Fwp%2Fv2%2Fcomments&post=21871"}],"version-history":[{"count":1,"href":"https:\/\/scurtpe2.ro\/index.php?rest_route=\/wp\/v2\/posts\/21871\/revisions"}],"predecessor-version":[{"id":21873,"href":"https:\/\/scurtpe2.ro\/index.php?rest_route=\/wp\/v2\/posts\/21871\/revisions\/21873"}],"wp:featuredmedia":[{"embeddable":true,"href":"https:\/\/scurtpe2.ro\/index.php?rest_route=\/wp\/v2\/media\/21796"}],"wp:attachment":[{"href":"https:\/\/scurtpe2.ro\/index.php?rest_route=%2Fwp%2Fv2%2Fmedia&parent=21871"}],"wp:term":[{"taxonomy":"category","embeddable":true,"href":"https:\/\/scurtpe2.ro\/index.php?rest_route=%2Fwp%2Fv2%2Fcategories&post=21871"},{"taxonomy":"post_tag","embeddable":true,"href":"https:\/\/scurtpe2.ro\/index.php?rest_route=%2Fwp%2Fv2%2Ftags&post=21871"}],"curies":[{"name":"wp","href":"https:\/\/api.w.org\/{rel}","templated":true}]}}