{"id":21864,"date":"2025-02-25T20:11:18","date_gmt":"2025-02-25T17:11:18","guid":{"rendered":"https:\/\/scurtpe2.ro\/?p=21864"},"modified":"2025-02-25T20:11:18","modified_gmt":"2025-02-25T17:11:18","slug":"zeci-de-milioane-de-euro-pentru-agricultura","status":"publish","type":"post","link":"https:\/\/scurtpe2.ro\/?p=21864","title":{"rendered":"ZECI DE MILIOANE DE EURO PENTRU AGRICULTUR\u0102"},"content":{"rendered":"<p>Aproape 70 de milioane de euro. Este suma pe care Direc\u021bia Agricol\u0103 Buz\u0103u a pl\u0103tit-o anul trecut fermierilor din jude\u021b, fie \u00een cadrul unor programe subven\u021bionate de stat, fie ca desp\u0103gubiri pentru culturile afectate de secet\u0103. Suma este uria\u0219\u0103, fiind \u0219i cea mai mare din istoria Direc\u021biei Agricole.<\/p>\n<p>Potrivit unui calcul, cu cei aproape 70 de milioane de euro, Direc\u021bia Agricol\u0103 Buz\u0103u ar fi ,,tr\u0103it&#8221;\u009d peste 15 ani. Asta \u00eensemn\u00e2nd cheltuieli cu salariile angaja\u021bilor \u0219i cu plata utilit\u0103\u021bilor.<\/p>\n<p>Cei mai mul\u021bi bani au ajuns \u00een conturile fermierilor care au suferit de pe urma secetei severe de anul trecut. Sute de hectare din jude\u021b au fost calamitate complet din cauza lipsei apei din sol.<\/p>\n<p>Reprezentan\u021bii Direc\u021biei Agricole sper\u0103 ca, \u00een 2025, seceta, care este deja instalat\u0103 de ani buni \u00een sol, s\u0103 nu mai afecteze at\u00e2t de multe culturi, a\u0219a cum s-a \u00eent\u00e2mplat anul trecut. Pe de alt\u0103 parte, pentru a nu mai avea de suferit, unii fermieri buzoieni au schimbat culturile care au mare nevoie de ap\u0103, cu altele mai pu\u021bin preten\u021bioase.<\/p>\n","protected":false},"excerpt":{"rendered":"<p>Aproape 70 de milioane de euro. Este suma pe care Direc\u021bia Agricol\u0103 Buz\u0103u a pl\u0103tit-o anul trecut fermierilor din jude\u021b, fie \u00een cadrul unor programe subven\u021bionate de stat, fie ca desp\u0103gubiri pentru culturile afectate de secet\u0103. Suma este uria\u0219\u0103, fiind \u0219i cea mai mare din istoria Direc\u021biei Agricole. Potrivit unui calcul, cu cei aproape 70 de milioane de euro, Direc\u021bia Agricol\u0103 Buz\u0103u ar fi ,,tr\u0103it&#8221;\u009d peste 15 ani. Asta \u00eensemn\u00e2nd cheltuieli cu salariile angaja\u021bilor \u0219i cu plata utilit\u0103\u021bilor. Cei mai mul\u021bi bani au ajuns \u00een conturile fermierilor care au suferit&hellip;<\/p>\n","protected":false},"author":4,"featured_media":18479,"comment_status":"closed","ping_status":"closed","sticky":false,"template":"","format":"standard","meta":{"footnotes":""},"categories":[168],"tags":[5636,1863,611,649],"class_list":["post-21864","post","type-post","status-publish","format-standard","has-post-thumbnail","hentry","category-informatia-de-buzau","tag-directia-agricola","tag-euro","tag-fermieri","tag-seceta"],"gutentor_comment":0,"_links":{"self":[{"href":"https:\/\/scurtpe2.ro\/index.php?rest_route=\/wp\/v2\/posts\/21864","targetHints":{"allow":["GET"]}}],"collection":[{"href":"https:\/\/scurtpe2.ro\/index.php?rest_route=\/wp\/v2\/posts"}],"about":[{"href":"https:\/\/scurtpe2.ro\/index.php?rest_route=\/wp\/v2\/types\/post"}],"author":[{"embeddable":true,"href":"https:\/\/scurtpe2.ro\/index.php?rest_route=\/wp\/v2\/users\/4"}],"replies":[{"embeddable":true,"href":"https:\/\/scurtpe2.ro\/index.php?rest_route=%2Fwp%2Fv2%2Fcomments&post=21864"}],"version-history":[{"count":1,"href":"https:\/\/scurtpe2.ro\/index.php?rest_route=\/wp\/v2\/posts\/21864\/revisions"}],"predecessor-version":[{"id":21865,"href":"https:\/\/scurtpe2.ro\/index.php?rest_route=\/wp\/v2\/posts\/21864\/revisions\/21865"}],"wp:featuredmedia":[{"embeddable":true,"href":"https:\/\/scurtpe2.ro\/index.php?rest_route=\/wp\/v2\/media\/18479"}],"wp:attachment":[{"href":"https:\/\/scurtpe2.ro\/index.php?rest_route=%2Fwp%2Fv2%2Fmedia&parent=21864"}],"wp:term":[{"taxonomy":"category","embeddable":true,"href":"https:\/\/scurtpe2.ro\/index.php?rest_route=%2Fwp%2Fv2%2Fcategories&post=21864"},{"taxonomy":"post_tag","embeddable":true,"href":"https:\/\/scurtpe2.ro\/index.php?rest_route=%2Fwp%2Fv2%2Ftags&post=21864"}],"curies":[{"name":"wp","href":"https:\/\/api.w.org\/{rel}","templated":true}]}}