{"id":21853,"date":"2025-02-24T19:02:56","date_gmt":"2025-02-24T16:02:56","guid":{"rendered":"https:\/\/scurtpe2.ro\/?p=21853"},"modified":"2025-02-24T19:02:56","modified_gmt":"2025-02-24T16:02:56","slug":"saracia-si-copiii-problema","status":"publish","type":"post","link":"https:\/\/scurtpe2.ro\/?p=21853","title":{"rendered":"S\u0102R\u0102CIA \u0218I COPIII PROBLEM\u0102"},"content":{"rendered":"<p>Problemele de comportament sunt inevitabile la copii \u0219i sunt determinate de mai mul\u021bi factori care influen\u021beaz\u0103 via\u021ba \u0219i dezvoltarea acestora. Neglijen\u021ba parental\u0103, lipsa de aten\u021bie ori supraveghere din partea p\u0103rin\u021bilor contribuie destul de nefast \u00een dezvoltarea minorului. Copiii care nu primesc suficient\u0103 aten\u021bie din partea adul\u021bilor din via\u021ba lor pot fi mai predispu\u0219i s\u0103 fac\u0103 bullying, deoarece caut\u0103 o modalitate de a atrage aten\u021bia asupra lor. Un exemplu este un caz din jude\u021bul Buz\u0103u care a ajuns \u00een aten\u021bia Avocatului Poporului, institu\u021bie care se ocup\u0103 direct \u0219i de linia Verde &#8222;\u017eTelefonul Copilului&#8221;\u009d.<\/p>\n<p>Consilierii Avocatului Poporului sunt de p\u0103rere c\u0103 \u00een contextul actual, \u00een care unii p\u0103rin\u021bi, fie r\u0103m\u00e2n f\u0103r\u0103 un loc de munc\u0103, fie au salarii prea mici \u0219i nu se mai implic\u0103 \u00een devoltarea propriilor copii, ac\u021biunile antisociale ale minorilor ar putea degenera mai mult dec\u00e2t s-ar anticipa.<\/p>\n<p>Psihologii spun c\u0103 acei copiii care se simt sus\u021binu\u021bi de familie, prieteni \u0219i profesori sunt mai pu\u021bin predispu\u0219i s\u0103 fie implica\u021bi \u00een violen\u021ba \u0219colar\u0103 sau s\u0103 devin\u0103 victime ale bullying-ului.<\/p>\n","protected":false},"excerpt":{"rendered":"<p>Problemele de comportament sunt inevitabile la copii \u0219i sunt determinate de mai mul\u021bi factori care influen\u021beaz\u0103 via\u021ba \u0219i dezvoltarea acestora. Neglijen\u021ba parental\u0103, lipsa de aten\u021bie ori supraveghere din partea p\u0103rin\u021bilor contribuie destul de nefast \u00een dezvoltarea minorului. Copiii care nu primesc suficient\u0103 aten\u021bie din partea adul\u021bilor din via\u021ba lor pot fi mai predispu\u0219i s\u0103 fac\u0103 bullying, deoarece caut\u0103 o modalitate de a atrage aten\u021bia asupra lor. Un exemplu este un caz din jude\u021bul Buz\u0103u care a ajuns \u00een aten\u021bia Avocatului Poporului, institu\u021bie care se ocup\u0103 direct \u0219i de linia Verde&hellip;<\/p>\n","protected":false},"author":4,"featured_media":19227,"comment_status":"closed","ping_status":"closed","sticky":false,"template":"","format":"standard","meta":{"footnotes":""},"categories":[168,165,117],"tags":[4691,6049,639,3254],"class_list":["post-21853","post","type-post","status-publish","format-standard","has-post-thumbnail","hentry","category-informatia-de-buzau","category-informatia-de-ramnic","category-scurtpe2","tag-avocatul-poporului","tag-bullying","tag-copii","tag-saracie"],"gutentor_comment":0,"_links":{"self":[{"href":"https:\/\/scurtpe2.ro\/index.php?rest_route=\/wp\/v2\/posts\/21853","targetHints":{"allow":["GET"]}}],"collection":[{"href":"https:\/\/scurtpe2.ro\/index.php?rest_route=\/wp\/v2\/posts"}],"about":[{"href":"https:\/\/scurtpe2.ro\/index.php?rest_route=\/wp\/v2\/types\/post"}],"author":[{"embeddable":true,"href":"https:\/\/scurtpe2.ro\/index.php?rest_route=\/wp\/v2\/users\/4"}],"replies":[{"embeddable":true,"href":"https:\/\/scurtpe2.ro\/index.php?rest_route=%2Fwp%2Fv2%2Fcomments&post=21853"}],"version-history":[{"count":1,"href":"https:\/\/scurtpe2.ro\/index.php?rest_route=\/wp\/v2\/posts\/21853\/revisions"}],"predecessor-version":[{"id":21854,"href":"https:\/\/scurtpe2.ro\/index.php?rest_route=\/wp\/v2\/posts\/21853\/revisions\/21854"}],"wp:featuredmedia":[{"embeddable":true,"href":"https:\/\/scurtpe2.ro\/index.php?rest_route=\/wp\/v2\/media\/19227"}],"wp:attachment":[{"href":"https:\/\/scurtpe2.ro\/index.php?rest_route=%2Fwp%2Fv2%2Fmedia&parent=21853"}],"wp:term":[{"taxonomy":"category","embeddable":true,"href":"https:\/\/scurtpe2.ro\/index.php?rest_route=%2Fwp%2Fv2%2Fcategories&post=21853"},{"taxonomy":"post_tag","embeddable":true,"href":"https:\/\/scurtpe2.ro\/index.php?rest_route=%2Fwp%2Fv2%2Ftags&post=21853"}],"curies":[{"name":"wp","href":"https:\/\/api.w.org\/{rel}","templated":true}]}}