{"id":21827,"date":"2025-02-19T17:48:38","date_gmt":"2025-02-19T14:48:38","guid":{"rendered":"https:\/\/scurtpe2.ro\/?p=21827"},"modified":"2025-02-20T17:50:38","modified_gmt":"2025-02-20T14:50:38","slug":"targ-de-miere-la-ramnicu-sarat","status":"publish","type":"post","link":"https:\/\/scurtpe2.ro\/?p=21827","title":{"rendered":"T\u00c3\u201aRG DE MIERE LA R\u00c3\u201aMNICU S\u0102RAT"},"content":{"rendered":"<p>Prim\u0103ria R\u00e2mnicu S\u0103rat, \u00een colaborare cu Asocia\u021bia Apicultorilor Profesioni\u0219ti Albina R\u00e2mnicean\u0103, va organiza la sf\u00e2r\u0219itul acestei s\u0103pt\u0103m\u00e2ni un eveniment c\u00e2t se poate de dulce. Este vorba despre cea de-a 17-a edi\u021bie a T\u00e2rgului de miere \u0219i produse apicole, eveniment care va avea loc \u00een Pia\u021beta Prim\u0103riei. La t\u00e2rg sunt a\u0219tepta\u021bi apicultori renumi\u021bi din toat\u0103 Rom\u00e2nia, care vor expune \u0219i comercializa miere \u0219i o gam\u0103 larg\u0103 de produse apicole. \u00cen ceea ce prive\u0219te prezen\u021ba cresc\u0103torilor de albine autohtoni, jude\u021bul Buz\u0103u va fi reprezentat, ca \u0219i \u00een al\u021bi ani, de iubitori ai albinelor de pe Valea Buz\u0103ului, Valea R\u00e2mnicului sau Valea Sl\u0103nicului, zone cunoscute pentru \u00eemp\u0103duririle cu salc\u00e2m ori pentru p\u0103\u0219unile naturale \u0219i f\u00e2ne\u021bele \u00eentinse, dar \u0219i cresc\u0103tori de albine din zona de c\u00e2mpie, acolo unde se pune accentul pe floarea soarelui sau rapi\u021b\u0103.<\/p>\n","protected":false},"excerpt":{"rendered":"<p>Prim\u0103ria R\u00e2mnicu S\u0103rat, \u00een colaborare cu Asocia\u021bia Apicultorilor Profesioni\u0219ti Albina R\u00e2mnicean\u0103, va organiza la sf\u00e2r\u0219itul acestei s\u0103pt\u0103m\u00e2ni un eveniment c\u00e2t se poate de dulce. Este vorba despre cea de-a 17-a edi\u021bie a T\u00e2rgului de miere \u0219i produse apicole, eveniment care va avea loc \u00een Pia\u021beta Prim\u0103riei. La t\u00e2rg sunt a\u0219tepta\u021bi apicultori renumi\u021bi din toat\u0103 Rom\u00e2nia, care vor expune \u0219i comercializa miere \u0219i o gam\u0103 larg\u0103 de produse apicole. \u00cen ceea ce prive\u0219te prezen\u021ba cresc\u0103torilor de albine autohtoni, jude\u021bul Buz\u0103u va fi reprezentat, ca \u0219i \u00een al\u021bi ani, de iubitori ai&hellip;<\/p>\n","protected":false},"author":4,"featured_media":16832,"comment_status":"closed","ping_status":"closed","sticky":false,"template":"","format":"standard","meta":{"footnotes":""},"categories":[165],"tags":[7884,5318,6134,263],"class_list":["post-21827","post","type-post","status-publish","format-standard","has-post-thumbnail","hentry","category-informatia-de-ramnic","tag-albina-ramniceana","tag-apicultori","tag-miere-de-albine","tag-primarie"],"gutentor_comment":0,"_links":{"self":[{"href":"https:\/\/scurtpe2.ro\/index.php?rest_route=\/wp\/v2\/posts\/21827","targetHints":{"allow":["GET"]}}],"collection":[{"href":"https:\/\/scurtpe2.ro\/index.php?rest_route=\/wp\/v2\/posts"}],"about":[{"href":"https:\/\/scurtpe2.ro\/index.php?rest_route=\/wp\/v2\/types\/post"}],"author":[{"embeddable":true,"href":"https:\/\/scurtpe2.ro\/index.php?rest_route=\/wp\/v2\/users\/4"}],"replies":[{"embeddable":true,"href":"https:\/\/scurtpe2.ro\/index.php?rest_route=%2Fwp%2Fv2%2Fcomments&post=21827"}],"version-history":[{"count":1,"href":"https:\/\/scurtpe2.ro\/index.php?rest_route=\/wp\/v2\/posts\/21827\/revisions"}],"predecessor-version":[{"id":21828,"href":"https:\/\/scurtpe2.ro\/index.php?rest_route=\/wp\/v2\/posts\/21827\/revisions\/21828"}],"wp:featuredmedia":[{"embeddable":true,"href":"https:\/\/scurtpe2.ro\/index.php?rest_route=\/wp\/v2\/media\/16832"}],"wp:attachment":[{"href":"https:\/\/scurtpe2.ro\/index.php?rest_route=%2Fwp%2Fv2%2Fmedia&parent=21827"}],"wp:term":[{"taxonomy":"category","embeddable":true,"href":"https:\/\/scurtpe2.ro\/index.php?rest_route=%2Fwp%2Fv2%2Fcategories&post=21827"},{"taxonomy":"post_tag","embeddable":true,"href":"https:\/\/scurtpe2.ro\/index.php?rest_route=%2Fwp%2Fv2%2Ftags&post=21827"}],"curies":[{"name":"wp","href":"https:\/\/api.w.org\/{rel}","templated":true}]}}